{"id":30411,"date":"2022-05-04T18:20:34","date_gmt":"2022-05-04T16:20:34","guid":{"rendered":"https:\/\/agora.xtec.cat\/ceip-santjordi-lleida\/?p=30411"},"modified":"2022-05-04T18:20:34","modified_gmt":"2022-05-04T16:20:34","slug":"taller-dimprovisacio-al-caixaforum-amb-cs","status":"publish","type":"post","link":"https:\/\/agora.xtec.cat\/ceip-santjordi-lleida\/portada\/taller-dimprovisacio-al-caixaforum-amb-cs\/","title":{"rendered":"Taller d&#8217;improvisaci\u00f3 al Caixaf\u00f2rum amb CS"},"content":{"rendered":"<p>Divendres 29 d&#8217;abril 6\u00e8 i dimarts 3 de maig 5\u00e8, ens en vam anar al Caixaf\u00f2rum a gaudir d&#8217;un taller d&#8217;improvisaci\u00f3 amb el Pau. Aquest taller partia dels cercles de percussi\u00f3 per\u00f2 adaptat al moviment, la parla i els instruments electr\u00f2nics.<\/p>\n<p>Primer de tot vam haver d&#8217;aprendre la din\u00e0mica del facilitador o director del grup. Vam haver d&#8217;aprendre un codi que ens permet\u00e9s seguir al director i directora i al mateix temps dirigir al grup si n&#8217;era el cas.<\/p>\n<p>Ha estat una experi\u00e8ncia molt interessant on s&#8217;han ficat en evid\u00e8ncia habilitat com: saber portar la pulsaci\u00f3, el ritme, saber donar entrades, sentir estructures musicals, capacitat de composici\u00f3 i d&#8217;improvisaci\u00f3&#8230;<\/p>\n<p>Us deixem els v\u00eddeos finals de les nostres interpretacions:<\/p>\n<p>5\u00e8:<\/p>\n<p><iframe loading=\"lazy\" title=\"Impro 5\u00e8 01\" width=\"500\" height=\"281\" src=\"https:\/\/www.youtube.com\/embed\/mehlEqNKYMs?feature=oembed\" frameborder=\"0\" allow=\"accelerometer; autoplay; clipboard-write; encrypted-media; gyroscope; picture-in-picture; web-share\" referrerpolicy=\"strict-origin-when-cross-origin\" allowfullscreen><\/iframe><\/p>\n<p><iframe loading=\"lazy\" title=\"Impro 5\u00e8 02\" width=\"500\" height=\"281\" src=\"https:\/\/www.youtube.com\/embed\/wsFbmnhcIXQ?feature=oembed\" frameborder=\"0\" allow=\"accelerometer; autoplay; clipboard-write; encrypted-media; gyroscope; picture-in-picture; web-share\" referrerpolicy=\"strict-origin-when-cross-origin\" allowfullscreen><\/iframe><\/p>\n<p>6\u00e8:<\/p>\n<p><iframe loading=\"lazy\" title=\"Taller improvisa 6\u00e8 01\" width=\"500\" height=\"281\" src=\"https:\/\/www.youtube.com\/embed\/NgOB-9lwzPQ?feature=oembed\" frameborder=\"0\" allow=\"accelerometer; autoplay; clipboard-write; encrypted-media; gyroscope; picture-in-picture; web-share\" referrerpolicy=\"strict-origin-when-cross-origin\" allowfullscreen><\/iframe><\/p>\n<p><iframe loading=\"lazy\" title=\"Taller improvisa 6\u00e8 02\" width=\"500\" height=\"281\" src=\"https:\/\/www.youtube.com\/embed\/z0kEi3l4wzk?feature=oembed\" frameborder=\"0\" allow=\"accelerometer; autoplay; clipboard-write; encrypted-media; gyroscope; picture-in-picture; web-share\" referrerpolicy=\"strict-origin-when-cross-origin\" allowfullscreen><\/iframe><\/p>\n","protected":false},"excerpt":{"rendered":"<p>Divendres 29 d&#8217;abril 6\u00e8 i dimarts 3 de maig 5\u00e8, ens en vam anar al Caixaf\u00f2rum a gaudir d&#8217;un taller d&#8217;improvisaci\u00f3 amb el Pau. Aquest taller partia dels cercles de percussi\u00f3 per\u00f2 adaptat al moviment, la parla i els instruments electr\u00f2nics.<br \/>\nPrimer de tot vam haver&hellip;  <a href=\"https:\/\/agora.xtec.cat\/ceip-santjordi-lleida\/portada\/taller-dimprovisacio-al-caixaforum-amb-cs\/\" title=\"Read Taller d&#8217;improvisaci\u00f3 al Caixaf\u00f2rum amb CS\">Llegeix m\u00e9s\u00bb<\/a><\/p>\n","protected":false},"author":5,"featured_media":30412,"comment_status":"open","ping_status":"closed","sticky":false,"template":"","format":"standard","meta":{"_bbp_topic_count":0,"_bbp_reply_count":0,"_bbp_total_topic_count":0,"_bbp_total_reply_count":0,"_bbp_voice_count":0,"_bbp_anonymous_reply_count":0,"_bbp_topic_count_hidden":0,"_bbp_reply_count_hidden":0,"_bbp_forum_subforum_count":0,"footnotes":""},"categories":[14,15,320,4,5],"tags":[354],"class_list":["post-30411","post","type-post","status-publish","format-standard","has-post-thumbnail","hentry","category-5e","category-6e","category-musica","category-portada","category-primaria","tag-instrumentacio"],"post_mailing_queue_ids":[],"_links":{"self":[{"href":"https:\/\/agora.xtec.cat\/ceip-santjordi-lleida\/wp-json\/wp\/v2\/posts\/30411","targetHints":{"allow":["GET"]}}],"collection":[{"href":"https:\/\/agora.xtec.cat\/ceip-santjordi-lleida\/wp-json\/wp\/v2\/posts"}],"about":[{"href":"https:\/\/agora.xtec.cat\/ceip-santjordi-lleida\/wp-json\/wp\/v2\/types\/post"}],"author":[{"embeddable":true,"href":"https:\/\/agora.xtec.cat\/ceip-santjordi-lleida\/wp-json\/wp\/v2\/users\/5"}],"replies":[{"embeddable":true,"href":"https:\/\/agora.xtec.cat\/ceip-santjordi-lleida\/wp-json\/wp\/v2\/comments?post=30411"}],"version-history":[{"count":1,"href":"https:\/\/agora.xtec.cat\/ceip-santjordi-lleida\/wp-json\/wp\/v2\/posts\/30411\/revisions"}],"predecessor-version":[{"id":30413,"href":"https:\/\/agora.xtec.cat\/ceip-santjordi-lleida\/wp-json\/wp\/v2\/posts\/30411\/revisions\/30413"}],"wp:featuredmedia":[{"embeddable":true,"href":"https:\/\/agora.xtec.cat\/ceip-santjordi-lleida\/wp-json\/wp\/v2\/media\/30412"}],"wp:attachment":[{"href":"https:\/\/agora.xtec.cat\/ceip-santjordi-lleida\/wp-json\/wp\/v2\/media?parent=30411"}],"wp:term":[{"taxonomy":"category","embeddable":true,"href":"https:\/\/agora.xtec.cat\/ceip-santjordi-lleida\/wp-json\/wp\/v2\/categories?post=30411"},{"taxonomy":"post_tag","embeddable":true,"href":"https:\/\/agora.xtec.cat\/ceip-santjordi-lleida\/wp-json\/wp\/v2\/tags?post=30411"}],"curies":[{"name":"wp","href":"https:\/\/api.w.org\/{rel}","templated":true}]}}