{"id":30405,"date":"2022-04-22T11:16:09","date_gmt":"2022-04-22T09:16:09","guid":{"rendered":"https:\/\/agora.xtec.cat\/ceip-santjordi-lleida\/?p=30405"},"modified":"2022-04-22T16:57:25","modified_gmt":"2022-04-22T14:57:25","slug":"racons-literaris-i-xocolatada","status":"publish","type":"post","link":"https:\/\/agora.xtec.cat\/ceip-santjordi-lleida\/infantil\/racons-literaris-i-xocolatada\/","title":{"rendered":"DIADA DE SANT JORDI"},"content":{"rendered":"<p>Enguany sant Jordi cau en dissabte i, a l&#8217;escola, hem celebrat avui la nostra diada particular.<\/p>\n<p>Com sempre hem comen\u00e7at el mat\u00ed amb uns racons literaris plens d&#8217;hist\u00f2ries i llegendes m\u00e0giques. Cada infant, lliurement, ha escollit escoltar 6 de les hist\u00f2ries que hem explicat per 17 racons del pati. Despr\u00e9s, la tradicional xocolatada.<\/p>\n<p>A la tarda hem recuperat els jocs de cucanyes que tant gaudim. N&#8217;hi ha hagut de tots colors: alguns ens hem pintat, hem posat en pr\u00e0ctica la nostra agilitat, hem exercitat les nostres habilitats&#8230; i d&#8217;altres han passat mooooolta por!!<\/p>\n<p>Bona Diada de Sant Jordi!<\/p>\n<p><em>Clica sobre la imatge per veure&#8217;n m\u00e9s.<\/em><\/p>\n<p><a href=\"https:\/\/photos.app.goo.gl\/wgJGCZ9wyXaJAqey9\" target=\"_blank\" rel=\"noopener\"><img loading=\"lazy\" decoding=\"async\" class=\"alignnone wp-image-30406 size-large\" src=\"https:\/\/agora.xtec.cat\/ceip-santjordi-lleida\/wp-content\/uploads\/usu1393\/2022\/04\/20220422_102545-1024x799.jpg\" alt=\"\" width=\"1024\" height=\"799\" srcset=\"https:\/\/agora.xtec.cat\/ceip-santjordi-lleida\/wp-content\/uploads\/usu1393\/2022\/04\/20220422_102545-1024x799.jpg 1024w, https:\/\/agora.xtec.cat\/ceip-santjordi-lleida\/wp-content\/uploads\/usu1393\/2022\/04\/20220422_102545-300x234.jpg 300w, https:\/\/agora.xtec.cat\/ceip-santjordi-lleida\/wp-content\/uploads\/usu1393\/2022\/04\/20220422_102545-768x599.jpg 768w, https:\/\/agora.xtec.cat\/ceip-santjordi-lleida\/wp-content\/uploads\/usu1393\/2022\/04\/20220422_102545.jpg 1111w\" sizes=\"auto, (max-width: 1024px) 100vw, 1024px\" \/><\/a><\/p>\n<p>&nbsp;<\/p>\n","protected":false},"excerpt":{"rendered":"<p>Enguany sant Jordi cau en dissabte i, a l&#8217;escola, hem celebrat avui la nostra diada particular.<br \/>\nCom sempre hem comen\u00e7at el mat\u00ed amb uns racons literaris plens d&#8217;hist\u00f2ries i llegendes m\u00e0giques. Cada infant, lliurement, ha escollit escoltar 6 de les hist\u00f2ries que hem explicat per 17&hellip;  <a href=\"https:\/\/agora.xtec.cat\/ceip-santjordi-lleida\/infantil\/racons-literaris-i-xocolatada\/\" title=\"Read DIADA DE SANT JORDI\">Llegeix m\u00e9s\u00bb<\/a><\/p>\n","protected":false},"author":5,"featured_media":30406,"comment_status":"open","ping_status":"closed","sticky":false,"template":"","format":"standard","meta":{"_bbp_topic_count":0,"_bbp_reply_count":0,"_bbp_total_topic_count":0,"_bbp_total_reply_count":0,"_bbp_voice_count":0,"_bbp_anonymous_reply_count":0,"_bbp_topic_count_hidden":0,"_bbp_reply_count_hidden":0,"_bbp_forum_subforum_count":0,"footnotes":""},"categories":[10,11,12,13,14,15,3,8,9,321,2,4,5],"tags":[387],"class_list":["post-30405","post","type-post","status-publish","format-standard","has-post-thumbnail","hentry","category-1r","category-2n","category-3r","category-4t","category-5e","category-6e","category-blava","category-groga","category-verda","category-festes","category-infantil","category-portada","category-primaria","tag-festa-de-sant-jordi"],"post_mailing_queue_ids":[],"_links":{"self":[{"href":"https:\/\/agora.xtec.cat\/ceip-santjordi-lleida\/wp-json\/wp\/v2\/posts\/30405","targetHints":{"allow":["GET"]}}],"collection":[{"href":"https:\/\/agora.xtec.cat\/ceip-santjordi-lleida\/wp-json\/wp\/v2\/posts"}],"about":[{"href":"https:\/\/agora.xtec.cat\/ceip-santjordi-lleida\/wp-json\/wp\/v2\/types\/post"}],"author":[{"embeddable":true,"href":"https:\/\/agora.xtec.cat\/ceip-santjordi-lleida\/wp-json\/wp\/v2\/users\/5"}],"replies":[{"embeddable":true,"href":"https:\/\/agora.xtec.cat\/ceip-santjordi-lleida\/wp-json\/wp\/v2\/comments?post=30405"}],"version-history":[{"count":2,"href":"https:\/\/agora.xtec.cat\/ceip-santjordi-lleida\/wp-json\/wp\/v2\/posts\/30405\/revisions"}],"predecessor-version":[{"id":30408,"href":"https:\/\/agora.xtec.cat\/ceip-santjordi-lleida\/wp-json\/wp\/v2\/posts\/30405\/revisions\/30408"}],"wp:featuredmedia":[{"embeddable":true,"href":"https:\/\/agora.xtec.cat\/ceip-santjordi-lleida\/wp-json\/wp\/v2\/media\/30406"}],"wp:attachment":[{"href":"https:\/\/agora.xtec.cat\/ceip-santjordi-lleida\/wp-json\/wp\/v2\/media?parent=30405"}],"wp:term":[{"taxonomy":"category","embeddable":true,"href":"https:\/\/agora.xtec.cat\/ceip-santjordi-lleida\/wp-json\/wp\/v2\/categories?post=30405"},{"taxonomy":"post_tag","embeddable":true,"href":"https:\/\/agora.xtec.cat\/ceip-santjordi-lleida\/wp-json\/wp\/v2\/tags?post=30405"}],"curies":[{"name":"wp","href":"https:\/\/api.w.org\/{rel}","templated":true}]}}