{"id":30390,"date":"2022-04-12T13:09:00","date_gmt":"2022-04-12T11:09:00","guid":{"rendered":"https:\/\/agora.xtec.cat\/ceip-santjordi-lleida\/?p=30390"},"modified":"2022-04-12T13:09:00","modified_gmt":"2022-04-12T11:09:00","slug":"canco-febrer-a-linreves-2","status":"publish","type":"post","link":"https:\/\/agora.xtec.cat\/ceip-santjordi-lleida\/portada\/canco-febrer-a-linreves-2\/","title":{"rendered":"CAN\u00c7\u00d3: Febrer a l&#8217;inrev\u00e9s"},"content":{"rendered":"<p>Als volts de Carnestoltes, els nens i nenes de 2n vam comen\u00e7ar a cantar una can\u00e7\u00f3 que ens ha portat molt\u00edssima feina. Aquesta can\u00e7\u00f3 que parla de Carnestoltes, ens ha servit per improvisar i pactar uns moviments que ens han ajudat en la seva interpretaci\u00f3.<\/p>\n<p>Us deixem un parell de v\u00eddeos de la nostra interpretaci\u00f3, un primer on nom\u00e9s cantem i piquem de mans a la tornada, i un segon on intentem cantar, ballar i interpretar els moviments que vam crear.<\/p>\n<p><iframe loading=\"lazy\" title=\"Febrer a l\u2019inrev\u00e9s\" width=\"500\" height=\"281\" src=\"https:\/\/www.youtube.com\/embed\/_IEJfg_ePKs?feature=oembed\" frameborder=\"0\" allow=\"accelerometer; autoplay; clipboard-write; encrypted-media; gyroscope; picture-in-picture; web-share\" referrerpolicy=\"strict-origin-when-cross-origin\" allowfullscreen><\/iframe><\/p>\n<p><iframe loading=\"lazy\" title=\"Febrer a l\u2019inrev\u00e9s en moviment 2n\" width=\"500\" height=\"281\" src=\"https:\/\/www.youtube.com\/embed\/g34-d0HQrdo?feature=oembed\" frameborder=\"0\" allow=\"accelerometer; autoplay; clipboard-write; encrypted-media; gyroscope; picture-in-picture; web-share\" referrerpolicy=\"strict-origin-when-cross-origin\" allowfullscreen><\/iframe><\/p>\n","protected":false},"excerpt":{"rendered":"<p>Als volts de Carnestoltes, els nens i nenes de 2n vam comen\u00e7ar a cantar una can\u00e7\u00f3 que ens ha portat molt\u00edssima feina. Aquesta can\u00e7\u00f3 que parla de Carnestoltes, ens ha servit per improvisar i pactar uns moviments que ens han ajudat en la seva interpretaci\u00f3.<br \/>\nUs&hellip;  <a href=\"https:\/\/agora.xtec.cat\/ceip-santjordi-lleida\/portada\/canco-febrer-a-linreves-2\/\" title=\"Read CAN\u00c7\u00d3: Febrer a l&#8217;inrev\u00e9s\">Llegeix m\u00e9s\u00bb<\/a><\/p>\n","protected":false},"author":5,"featured_media":30391,"comment_status":"open","ping_status":"closed","sticky":false,"template":"","format":"standard","meta":{"_bbp_topic_count":0,"_bbp_reply_count":0,"_bbp_total_topic_count":0,"_bbp_total_reply_count":0,"_bbp_voice_count":0,"_bbp_anonymous_reply_count":0,"_bbp_topic_count_hidden":0,"_bbp_reply_count_hidden":0,"_bbp_forum_subforum_count":0,"footnotes":""},"categories":[11,320,4,5],"tags":[348,357],"class_list":["post-30390","post","type-post","status-publish","format-standard","has-post-thumbnail","hentry","category-2n","category-musica","category-portada","category-primaria","tag-canco","tag-moviment"],"post_mailing_queue_ids":[],"_links":{"self":[{"href":"https:\/\/agora.xtec.cat\/ceip-santjordi-lleida\/wp-json\/wp\/v2\/posts\/30390","targetHints":{"allow":["GET"]}}],"collection":[{"href":"https:\/\/agora.xtec.cat\/ceip-santjordi-lleida\/wp-json\/wp\/v2\/posts"}],"about":[{"href":"https:\/\/agora.xtec.cat\/ceip-santjordi-lleida\/wp-json\/wp\/v2\/types\/post"}],"author":[{"embeddable":true,"href":"https:\/\/agora.xtec.cat\/ceip-santjordi-lleida\/wp-json\/wp\/v2\/users\/5"}],"replies":[{"embeddable":true,"href":"https:\/\/agora.xtec.cat\/ceip-santjordi-lleida\/wp-json\/wp\/v2\/comments?post=30390"}],"version-history":[{"count":1,"href":"https:\/\/agora.xtec.cat\/ceip-santjordi-lleida\/wp-json\/wp\/v2\/posts\/30390\/revisions"}],"predecessor-version":[{"id":30392,"href":"https:\/\/agora.xtec.cat\/ceip-santjordi-lleida\/wp-json\/wp\/v2\/posts\/30390\/revisions\/30392"}],"wp:featuredmedia":[{"embeddable":true,"href":"https:\/\/agora.xtec.cat\/ceip-santjordi-lleida\/wp-json\/wp\/v2\/media\/30391"}],"wp:attachment":[{"href":"https:\/\/agora.xtec.cat\/ceip-santjordi-lleida\/wp-json\/wp\/v2\/media?parent=30390"}],"wp:term":[{"taxonomy":"category","embeddable":true,"href":"https:\/\/agora.xtec.cat\/ceip-santjordi-lleida\/wp-json\/wp\/v2\/categories?post=30390"},{"taxonomy":"post_tag","embeddable":true,"href":"https:\/\/agora.xtec.cat\/ceip-santjordi-lleida\/wp-json\/wp\/v2\/tags?post=30390"}],"curies":[{"name":"wp","href":"https:\/\/api.w.org\/{rel}","templated":true}]}}