{"id":30387,"date":"2022-04-12T13:05:05","date_gmt":"2022-04-12T11:05:05","guid":{"rendered":"https:\/\/agora.xtec.cat\/ceip-santjordi-lleida\/?p=30387"},"modified":"2022-04-12T13:05:05","modified_gmt":"2022-04-12T11:05:05","slug":"instrumentacio-joan-del-riu","status":"publish","type":"post","link":"https:\/\/agora.xtec.cat\/ceip-santjordi-lleida\/portada\/instrumentacio-joan-del-riu\/","title":{"rendered":"Instrumentaci\u00f3: Joan del Riu"},"content":{"rendered":"<p>Els nens i nenes de 1r ja hem comen\u00e7at a endinsar-nos en el m\u00f3n de l&#8217;acompanyament harm\u00f2nic, i ho hem fet instrumentant una can\u00e7\u00f3 que hem apr\u00e8s durant aquest trimestre: Joan del Riu.<\/p>\n<p>L&#8217;hem cantat, l&#8217;hem ballat, l&#8217;hem gaudit i l&#8217;hem instrumentat.<\/p>\n<p>Us en deixem una petita mostra del treball fet amb plaques.<\/p>\n<p><iframe loading=\"lazy\" title=\"Joan del Riu 1r\" width=\"500\" height=\"281\" src=\"https:\/\/www.youtube.com\/embed\/LXKI-q8zk0g?feature=oembed\" frameborder=\"0\" allow=\"accelerometer; autoplay; clipboard-write; encrypted-media; gyroscope; picture-in-picture; web-share\" referrerpolicy=\"strict-origin-when-cross-origin\" allowfullscreen><\/iframe><\/p>\n<p>&nbsp;<\/p>\n","protected":false},"excerpt":{"rendered":"<p>Els nens i nenes de 1r ja hem comen\u00e7at a endinsar-nos en el m\u00f3n de l&#8217;acompanyament harm\u00f2nic, i ho hem fet instrumentant una can\u00e7\u00f3 que hem apr\u00e8s durant aquest trimestre: Joan del Riu.<br \/>\nL&#8217;hem cantat, l&#8217;hem ballat, l&#8217;hem gaudit i l&#8217;hem instrumentat.<br \/>\nUs en deixem una petita&hellip;  <a href=\"https:\/\/agora.xtec.cat\/ceip-santjordi-lleida\/portada\/instrumentacio-joan-del-riu\/\" title=\"Read Instrumentaci\u00f3: Joan del Riu\">Llegeix m\u00e9s\u00bb<\/a><\/p>\n","protected":false},"author":5,"featured_media":30388,"comment_status":"open","ping_status":"closed","sticky":false,"template":"","format":"standard","meta":{"_bbp_topic_count":0,"_bbp_reply_count":0,"_bbp_total_topic_count":0,"_bbp_total_reply_count":0,"_bbp_voice_count":0,"_bbp_anonymous_reply_count":0,"_bbp_topic_count_hidden":0,"_bbp_reply_count_hidden":0,"_bbp_forum_subforum_count":0,"footnotes":""},"categories":[10,320,4,5],"tags":[348,354],"class_list":["post-30387","post","type-post","status-publish","format-standard","has-post-thumbnail","hentry","category-1r","category-musica","category-portada","category-primaria","tag-canco","tag-instrumentacio"],"post_mailing_queue_ids":[],"_links":{"self":[{"href":"https:\/\/agora.xtec.cat\/ceip-santjordi-lleida\/wp-json\/wp\/v2\/posts\/30387","targetHints":{"allow":["GET"]}}],"collection":[{"href":"https:\/\/agora.xtec.cat\/ceip-santjordi-lleida\/wp-json\/wp\/v2\/posts"}],"about":[{"href":"https:\/\/agora.xtec.cat\/ceip-santjordi-lleida\/wp-json\/wp\/v2\/types\/post"}],"author":[{"embeddable":true,"href":"https:\/\/agora.xtec.cat\/ceip-santjordi-lleida\/wp-json\/wp\/v2\/users\/5"}],"replies":[{"embeddable":true,"href":"https:\/\/agora.xtec.cat\/ceip-santjordi-lleida\/wp-json\/wp\/v2\/comments?post=30387"}],"version-history":[{"count":1,"href":"https:\/\/agora.xtec.cat\/ceip-santjordi-lleida\/wp-json\/wp\/v2\/posts\/30387\/revisions"}],"predecessor-version":[{"id":30389,"href":"https:\/\/agora.xtec.cat\/ceip-santjordi-lleida\/wp-json\/wp\/v2\/posts\/30387\/revisions\/30389"}],"wp:featuredmedia":[{"embeddable":true,"href":"https:\/\/agora.xtec.cat\/ceip-santjordi-lleida\/wp-json\/wp\/v2\/media\/30388"}],"wp:attachment":[{"href":"https:\/\/agora.xtec.cat\/ceip-santjordi-lleida\/wp-json\/wp\/v2\/media?parent=30387"}],"wp:term":[{"taxonomy":"category","embeddable":true,"href":"https:\/\/agora.xtec.cat\/ceip-santjordi-lleida\/wp-json\/wp\/v2\/categories?post=30387"},{"taxonomy":"post_tag","embeddable":true,"href":"https:\/\/agora.xtec.cat\/ceip-santjordi-lleida\/wp-json\/wp\/v2\/tags?post=30387"}],"curies":[{"name":"wp","href":"https:\/\/api.w.org\/{rel}","templated":true}]}}