{"id":30379,"date":"2022-04-06T11:43:19","date_gmt":"2022-04-06T09:43:19","guid":{"rendered":"https:\/\/agora.xtec.cat\/ceip-santjordi-lleida\/?p=30379"},"modified":"2022-04-06T12:34:22","modified_gmt":"2022-04-06T10:34:22","slug":"canco-si-tu-et-vols-divertir-2","status":"publish","type":"post","link":"https:\/\/agora.xtec.cat\/ceip-santjordi-lleida\/infantil\/canco-si-tu-et-vols-divertir-2\/","title":{"rendered":"CAN\u00c7\u00d3: Si tu et vols divertir"},"content":{"rendered":"<p>Aquesta ha estat la nostra \u00faltima can\u00e7\u00f3 d&#8217;aquest trimestre. Una can\u00e7\u00f3 on hem estat nosaltres mateixos qui ens hem inventat la coreografia i l&#8217;\u00faltima estrofa&#8230;<\/p>\n<p>Qu\u00e8 us sembla?<\/p>\n<p>VERD:<\/p>\n<p><iframe loading=\"lazy\" title=\"Si tu et vols divertir verd\" width=\"500\" height=\"281\" src=\"https:\/\/www.youtube.com\/embed\/MOV52aQlNwQ?feature=oembed\" frameborder=\"0\" allow=\"accelerometer; autoplay; clipboard-write; encrypted-media; gyroscope; picture-in-picture; web-share\" referrerpolicy=\"strict-origin-when-cross-origin\" allowfullscreen><\/iframe><\/p>\n<p>GROC:<\/p>\n<p><iframe loading=\"lazy\" title=\"Si tu et vols divertir groc\" width=\"500\" height=\"281\" src=\"https:\/\/www.youtube.com\/embed\/pvDWs9mu8xk?feature=oembed\" frameborder=\"0\" allow=\"accelerometer; autoplay; clipboard-write; encrypted-media; gyroscope; picture-in-picture; web-share\" referrerpolicy=\"strict-origin-when-cross-origin\" allowfullscreen><\/iframe><\/p>\n<p>TARONJA:<\/p>\n<p><iframe loading=\"lazy\" title=\"Si tu et vols divertir taronja\" width=\"500\" height=\"281\" src=\"https:\/\/www.youtube.com\/embed\/LgKiky3zawQ?feature=oembed\" frameborder=\"0\" allow=\"accelerometer; autoplay; clipboard-write; encrypted-media; gyroscope; picture-in-picture; web-share\" referrerpolicy=\"strict-origin-when-cross-origin\" allowfullscreen><\/iframe><\/p>\n<p>BLAU:<\/p>\n<p><iframe loading=\"lazy\" title=\"Si tu et vols divertir blau\" width=\"500\" height=\"281\" src=\"https:\/\/www.youtube.com\/embed\/E5-pN3Pm8Lw?feature=oembed\" frameborder=\"0\" allow=\"accelerometer; autoplay; clipboard-write; encrypted-media; gyroscope; picture-in-picture; web-share\" referrerpolicy=\"strict-origin-when-cross-origin\" allowfullscreen><\/iframe><\/p>\n","protected":false},"excerpt":{"rendered":"<p>Aquesta ha estat la nostra \u00faltima can\u00e7\u00f3 d&#8217;aquest trimestre. Una can\u00e7\u00f3 on hem estat nosaltres mateixos qui ens hem inventat la coreografia i l&#8217;\u00faltima estrofa&#8230;<br \/>\nQu\u00e8 us sembla?<br \/>\nVERD:<\/p>\n<p>GROC:<\/p>\n<p>TARONJA:<\/p>\n<p>BLAU:<\/p>\n","protected":false},"author":5,"featured_media":30380,"comment_status":"open","ping_status":"closed","sticky":false,"template":"","format":"standard","meta":{"_bbp_topic_count":0,"_bbp_reply_count":0,"_bbp_total_topic_count":0,"_bbp_total_reply_count":0,"_bbp_voice_count":0,"_bbp_anonymous_reply_count":0,"_bbp_topic_count_hidden":0,"_bbp_reply_count_hidden":0,"_bbp_forum_subforum_count":0,"footnotes":""},"categories":[3,8,9,2,320,4],"tags":[348],"class_list":["post-30379","post","type-post","status-publish","format-standard","has-post-thumbnail","hentry","category-blava","category-groga","category-verda","category-infantil","category-musica","category-portada","tag-canco"],"post_mailing_queue_ids":[],"_links":{"self":[{"href":"https:\/\/agora.xtec.cat\/ceip-santjordi-lleida\/wp-json\/wp\/v2\/posts\/30379","targetHints":{"allow":["GET"]}}],"collection":[{"href":"https:\/\/agora.xtec.cat\/ceip-santjordi-lleida\/wp-json\/wp\/v2\/posts"}],"about":[{"href":"https:\/\/agora.xtec.cat\/ceip-santjordi-lleida\/wp-json\/wp\/v2\/types\/post"}],"author":[{"embeddable":true,"href":"https:\/\/agora.xtec.cat\/ceip-santjordi-lleida\/wp-json\/wp\/v2\/users\/5"}],"replies":[{"embeddable":true,"href":"https:\/\/agora.xtec.cat\/ceip-santjordi-lleida\/wp-json\/wp\/v2\/comments?post=30379"}],"version-history":[{"count":3,"href":"https:\/\/agora.xtec.cat\/ceip-santjordi-lleida\/wp-json\/wp\/v2\/posts\/30379\/revisions"}],"predecessor-version":[{"id":30383,"href":"https:\/\/agora.xtec.cat\/ceip-santjordi-lleida\/wp-json\/wp\/v2\/posts\/30379\/revisions\/30383"}],"wp:featuredmedia":[{"embeddable":true,"href":"https:\/\/agora.xtec.cat\/ceip-santjordi-lleida\/wp-json\/wp\/v2\/media\/30380"}],"wp:attachment":[{"href":"https:\/\/agora.xtec.cat\/ceip-santjordi-lleida\/wp-json\/wp\/v2\/media?parent=30379"}],"wp:term":[{"taxonomy":"category","embeddable":true,"href":"https:\/\/agora.xtec.cat\/ceip-santjordi-lleida\/wp-json\/wp\/v2\/categories?post=30379"},{"taxonomy":"post_tag","embeddable":true,"href":"https:\/\/agora.xtec.cat\/ceip-santjordi-lleida\/wp-json\/wp\/v2\/tags?post=30379"}],"curies":[{"name":"wp","href":"https:\/\/api.w.org\/{rel}","templated":true}]}}