{"id":30360,"date":"2022-03-30T11:37:40","date_gmt":"2022-03-30T09:37:40","guid":{"rendered":"https:\/\/agora.xtec.cat\/ceip-santjordi-lleida\/?p=30360"},"modified":"2022-03-30T15:42:22","modified_gmt":"2022-03-30T13:42:22","slug":"dansa-el-tio-fresco","status":"publish","type":"post","link":"https:\/\/agora.xtec.cat\/ceip-santjordi-lleida\/infantil\/dansa-el-tio-fresco\/","title":{"rendered":"DANSA: El tio fresco"},"content":{"rendered":"<p>Aquesta \u00e9s una dansa que ja vam fer fa uns dies per\u00f2 que ens encanta ballar i jugar amb ella. A la 1a part de la dansa (a la frase A) simplement piquem de mans mentre un infant es passeja amb una cua. A la 2a part (la frase B) mentre fem saltirons hem d&#8217;estirar la cua de l&#8217;infant que la porta.<\/p>\n<p>Tot el treball d&#8217;escolta i de fraseig costa mantenir-lo quan hi ha l&#8217;element joc que distorsiona, per\u00f2 alguns ens en sortim for\u00e7a b\u00e9!!!!<\/p>\n<p>GRUP VERD<\/p>\n<p><iframe loading=\"lazy\" title=\"Tio fresco verd\" width=\"500\" height=\"281\" src=\"https:\/\/www.youtube.com\/embed\/XtMw3RVYN5Q?feature=oembed\" frameborder=\"0\" allow=\"accelerometer; autoplay; clipboard-write; encrypted-media; gyroscope; picture-in-picture; web-share\" referrerpolicy=\"strict-origin-when-cross-origin\" allowfullscreen><\/iframe><\/p>\n<p>GRUP GROC<\/p>\n<p><iframe loading=\"lazy\" title=\"Tio fresco groc\" width=\"500\" height=\"281\" src=\"https:\/\/www.youtube.com\/embed\/114O1yZCi3I?feature=oembed\" frameborder=\"0\" allow=\"accelerometer; autoplay; clipboard-write; encrypted-media; gyroscope; picture-in-picture; web-share\" referrerpolicy=\"strict-origin-when-cross-origin\" allowfullscreen><\/iframe><\/p>\n<p>GRUP TARONJA<\/p>\n<p><iframe loading=\"lazy\" title=\"Tio fresco taronja\" width=\"500\" height=\"281\" src=\"https:\/\/www.youtube.com\/embed\/hE_5Z-Z-uOw?feature=oembed\" frameborder=\"0\" allow=\"accelerometer; autoplay; clipboard-write; encrypted-media; gyroscope; picture-in-picture; web-share\" referrerpolicy=\"strict-origin-when-cross-origin\" allowfullscreen><\/iframe><\/p>\n<p>GRUP BLAU<\/p>\n<p><iframe loading=\"lazy\" title=\"Tio fresco blau\" width=\"500\" height=\"281\" src=\"https:\/\/www.youtube.com\/embed\/M6sHs6bCNBo?feature=oembed\" frameborder=\"0\" allow=\"accelerometer; autoplay; clipboard-write; encrypted-media; gyroscope; picture-in-picture; web-share\" referrerpolicy=\"strict-origin-when-cross-origin\" allowfullscreen><\/iframe><\/p>\n","protected":false},"excerpt":{"rendered":"<p>Aquesta \u00e9s una dansa que ja vam fer fa uns dies per\u00f2 que ens encanta ballar i jugar amb ella. A la 1a part de la dansa (a la frase A) simplement piquem de mans mentre un infant es passeja amb una cua. A la&hellip;  <a href=\"https:\/\/agora.xtec.cat\/ceip-santjordi-lleida\/infantil\/dansa-el-tio-fresco\/\" title=\"Read DANSA: El tio fresco\">Llegeix m\u00e9s\u00bb<\/a><\/p>\n","protected":false},"author":5,"featured_media":30361,"comment_status":"open","ping_status":"closed","sticky":false,"template":"","format":"standard","meta":{"_bbp_topic_count":0,"_bbp_reply_count":0,"_bbp_total_topic_count":0,"_bbp_total_reply_count":0,"_bbp_voice_count":0,"_bbp_anonymous_reply_count":0,"_bbp_topic_count_hidden":0,"_bbp_reply_count_hidden":0,"_bbp_forum_subforum_count":0,"footnotes":""},"categories":[3,8,9,2,320,4],"tags":[359],"class_list":["post-30360","post","type-post","status-publish","format-standard","has-post-thumbnail","hentry","category-blava","category-groga","category-verda","category-infantil","category-musica","category-portada","tag-dansa"],"post_mailing_queue_ids":[],"_links":{"self":[{"href":"https:\/\/agora.xtec.cat\/ceip-santjordi-lleida\/wp-json\/wp\/v2\/posts\/30360","targetHints":{"allow":["GET"]}}],"collection":[{"href":"https:\/\/agora.xtec.cat\/ceip-santjordi-lleida\/wp-json\/wp\/v2\/posts"}],"about":[{"href":"https:\/\/agora.xtec.cat\/ceip-santjordi-lleida\/wp-json\/wp\/v2\/types\/post"}],"author":[{"embeddable":true,"href":"https:\/\/agora.xtec.cat\/ceip-santjordi-lleida\/wp-json\/wp\/v2\/users\/5"}],"replies":[{"embeddable":true,"href":"https:\/\/agora.xtec.cat\/ceip-santjordi-lleida\/wp-json\/wp\/v2\/comments?post=30360"}],"version-history":[{"count":2,"href":"https:\/\/agora.xtec.cat\/ceip-santjordi-lleida\/wp-json\/wp\/v2\/posts\/30360\/revisions"}],"predecessor-version":[{"id":30365,"href":"https:\/\/agora.xtec.cat\/ceip-santjordi-lleida\/wp-json\/wp\/v2\/posts\/30360\/revisions\/30365"}],"wp:featuredmedia":[{"embeddable":true,"href":"https:\/\/agora.xtec.cat\/ceip-santjordi-lleida\/wp-json\/wp\/v2\/media\/30361"}],"wp:attachment":[{"href":"https:\/\/agora.xtec.cat\/ceip-santjordi-lleida\/wp-json\/wp\/v2\/media?parent=30360"}],"wp:term":[{"taxonomy":"category","embeddable":true,"href":"https:\/\/agora.xtec.cat\/ceip-santjordi-lleida\/wp-json\/wp\/v2\/categories?post=30360"},{"taxonomy":"post_tag","embeddable":true,"href":"https:\/\/agora.xtec.cat\/ceip-santjordi-lleida\/wp-json\/wp\/v2\/tags?post=30360"}],"curies":[{"name":"wp","href":"https:\/\/api.w.org\/{rel}","templated":true}]}}