{"id":30357,"date":"2022-03-29T18:24:14","date_gmt":"2022-03-29T16:24:14","guid":{"rendered":"https:\/\/agora.xtec.cat\/ceip-santjordi-lleida\/?p=30357"},"modified":"2022-03-30T13:05:03","modified_gmt":"2022-03-30T11:05:03","slug":"primer-dia-de-colonies-del-cicle-inicial","status":"publish","type":"post","link":"https:\/\/agora.xtec.cat\/ceip-santjordi-lleida\/general\/primer-dia-de-colonies-del-cicle-inicial\/","title":{"rendered":"PRIMER DIA DE COL\u00d2NIES DEL CICLE INICIAL"},"content":{"rendered":"<p>Comencem les col\u00f2nies amb una mica de tot, temps variable i activitats diverses :))<\/p>\n<p>Durant el viatge hem gaudit del paisatge i esper\u00e0vem l&#8217;arribada amb il\u00b7lusi\u00f3.<\/p>\n<p>En arribar, hem esmorzat a la placeta i cap a jugar! Despr\u00e9s hem fet un taller de fang, ja veureu les maquetes tan boniques que hem fet&#8230;<\/p>\n<p>Per fer una mica de gana hem anat a fer un passeig pel poble i hem dinat a la vora del pant\u00e0.<\/p>\n<p>A la tarda hem visitat la Cova del Bou, on hi vivien els prehist\u00f2rics i prehist\u00f2riques i hem apr\u00e8s un munt de coses interessants:<\/p>\n<ul>\n<li>Hem pogut tocar un queixal de mamut de veritat, era gegant i pesava molt!!!<\/li>\n<li>Hem vist una closca de tortuga que vivia al riu, abans que fos un pant\u00e0.<\/li>\n<li>Ens han ensenyat perqu\u00e8 servia cada foc: per protegir-se, per cuinar, per escalfar-se i per fer llum.<\/li>\n<li>Alguns animals que hi havia a la prehist\u00f2ria: llop, mamut, tigre dents de sabre, porc senglar, c\u00e9rvol, cavall, \u00f3s, etc. Alguns d&#8217;aquests animals encara existeixen avui en dia.<\/li>\n<\/ul>\n<p style=\"text-align: center;\"><strong>Ens hem cansat una mica per\u00f2 ha sigut divertit:))<\/strong><\/p>\n<p style=\"text-align: center;\"><strong>I aquesta nit SOPAR PREHIST\u00d2RIC!!!<a href=\"https:\/\/photos.app.goo.gl\/NmWR97nxKy1isCBa9\" target=\"_blank\" rel=\"noopener\"><img loading=\"lazy\" decoding=\"async\" class=\"aligncenter wp-image-30358 size-medium\" src=\"https:\/\/agora.xtec.cat\/ceip-santjordi-lleida\/wp-content\/uploads\/usu1393\/2022\/03\/IMG20220329151656-300x225.jpg\" alt=\"\" width=\"300\" height=\"225\" srcset=\"https:\/\/agora.xtec.cat\/ceip-santjordi-lleida\/wp-content\/uploads\/usu1393\/2022\/03\/IMG20220329151656-300x225.jpg 300w, https:\/\/agora.xtec.cat\/ceip-santjordi-lleida\/wp-content\/uploads\/usu1393\/2022\/03\/IMG20220329151656-768x576.jpg 768w, https:\/\/agora.xtec.cat\/ceip-santjordi-lleida\/wp-content\/uploads\/usu1393\/2022\/03\/IMG20220329151656-200x150.jpg 200w, https:\/\/agora.xtec.cat\/ceip-santjordi-lleida\/wp-content\/uploads\/usu1393\/2022\/03\/IMG20220329151656.jpg 1000w\" sizes=\"auto, (max-width: 300px) 100vw, 300px\" \/><\/a><\/strong><\/p>\n","protected":false},"excerpt":{"rendered":"<p>Comencem les col\u00f2nies amb una mica de tot, temps variable i activitats diverses :))<br \/>\nDurant el viatge hem gaudit del paisatge i esper\u00e0vem l&#8217;arribada amb il\u00b7lusi\u00f3.<br \/>\nEn arribar, hem esmorzat a la placeta i cap a jugar! Despr\u00e9s hem fet un taller de fang, ja veureu les&hellip;  <a href=\"https:\/\/agora.xtec.cat\/ceip-santjordi-lleida\/general\/primer-dia-de-colonies-del-cicle-inicial\/\" title=\"Read PRIMER DIA DE COL\u00d2NIES DEL CICLE INICIAL\">Llegeix m\u00e9s\u00bb<\/a><\/p>\n","protected":false},"author":10,"featured_media":30358,"comment_status":"open","ping_status":"closed","sticky":false,"template":"","format":"standard","meta":{"_bbp_topic_count":0,"_bbp_reply_count":0,"_bbp_total_topic_count":0,"_bbp_total_reply_count":0,"_bbp_voice_count":0,"_bbp_anonymous_reply_count":0,"_bbp_topic_count_hidden":0,"_bbp_reply_count_hidden":0,"_bbp_forum_subforum_count":0,"footnotes":""},"categories":[10,11,1,73,4,326],"tags":[],"class_list":["post-30357","post","type-post","status-publish","format-standard","has-post-thumbnail","hentry","category-1r","category-2n","category-general","category-novetats","category-portada","category-sortides"],"post_mailing_queue_ids":[],"_links":{"self":[{"href":"https:\/\/agora.xtec.cat\/ceip-santjordi-lleida\/wp-json\/wp\/v2\/posts\/30357","targetHints":{"allow":["GET"]}}],"collection":[{"href":"https:\/\/agora.xtec.cat\/ceip-santjordi-lleida\/wp-json\/wp\/v2\/posts"}],"about":[{"href":"https:\/\/agora.xtec.cat\/ceip-santjordi-lleida\/wp-json\/wp\/v2\/types\/post"}],"author":[{"embeddable":true,"href":"https:\/\/agora.xtec.cat\/ceip-santjordi-lleida\/wp-json\/wp\/v2\/users\/10"}],"replies":[{"embeddable":true,"href":"https:\/\/agora.xtec.cat\/ceip-santjordi-lleida\/wp-json\/wp\/v2\/comments?post=30357"}],"version-history":[{"count":2,"href":"https:\/\/agora.xtec.cat\/ceip-santjordi-lleida\/wp-json\/wp\/v2\/posts\/30357\/revisions"}],"predecessor-version":[{"id":30367,"href":"https:\/\/agora.xtec.cat\/ceip-santjordi-lleida\/wp-json\/wp\/v2\/posts\/30357\/revisions\/30367"}],"wp:featuredmedia":[{"embeddable":true,"href":"https:\/\/agora.xtec.cat\/ceip-santjordi-lleida\/wp-json\/wp\/v2\/media\/30358"}],"wp:attachment":[{"href":"https:\/\/agora.xtec.cat\/ceip-santjordi-lleida\/wp-json\/wp\/v2\/media?parent=30357"}],"wp:term":[{"taxonomy":"category","embeddable":true,"href":"https:\/\/agora.xtec.cat\/ceip-santjordi-lleida\/wp-json\/wp\/v2\/categories?post=30357"},{"taxonomy":"post_tag","embeddable":true,"href":"https:\/\/agora.xtec.cat\/ceip-santjordi-lleida\/wp-json\/wp\/v2\/tags?post=30357"}],"curies":[{"name":"wp","href":"https:\/\/api.w.org\/{rel}","templated":true}]}}