{"id":30208,"date":"2022-02-22T16:10:17","date_gmt":"2022-02-22T15:10:17","guid":{"rendered":"https:\/\/agora.xtec.cat\/ceip-santjordi-lleida\/?p=30208"},"modified":"2022-02-22T16:10:17","modified_gmt":"2022-02-22T15:10:17","slug":"reconeixement-ritmic-amb-cintes","status":"publish","type":"post","link":"https:\/\/agora.xtec.cat\/ceip-santjordi-lleida\/portada\/reconeixement-ritmic-amb-cintes\/","title":{"rendered":"RECONEIXEMENT R\u00cdTMIC AMB CINTES"},"content":{"rendered":"<p>A l&#8217;espai de m\u00fasica anem fent propostes d&#8217;activitats que ens ajuden a anar avan\u00e7ant en el reconeixement auditiu.<\/p>\n<p>Despr\u00e9s d&#8217;algunes sessions jugant i manipulant cintes, hem escollit (dins el munt de propostes que han sortit fruit de l&#8217;experimentaci\u00f3) un moviment per cada ritme treballat. Despr\u00e9s hem fet un dictat amb aquests ritmes i aquests moviments de cintes.<\/p>\n<p><iframe loading=\"lazy\" title=\"Dictat r\u00edtmic amb cintes 01\" width=\"500\" height=\"281\" src=\"https:\/\/www.youtube.com\/embed\/9lFV6VQZ8M4?feature=oembed\" frameborder=\"0\" allow=\"accelerometer; autoplay; clipboard-write; encrypted-media; gyroscope; picture-in-picture; web-share\" referrerpolicy=\"strict-origin-when-cross-origin\" allowfullscreen><\/iframe><\/p>\n<p><iframe loading=\"lazy\" title=\"Dictat r\u00edtmic amb cintes 4t 02\" width=\"500\" height=\"281\" src=\"https:\/\/www.youtube.com\/embed\/LzFvAA1ImOc?feature=oembed\" frameborder=\"0\" allow=\"accelerometer; autoplay; clipboard-write; encrypted-media; gyroscope; picture-in-picture; web-share\" referrerpolicy=\"strict-origin-when-cross-origin\" allowfullscreen><\/iframe><\/p>\n<p>Ritm<\/p>\n<p>&nbsp;<\/p>\n","protected":false},"excerpt":{"rendered":"<p>A l&#8217;espai de m\u00fasica anem fent propostes d&#8217;activitats que ens ajuden a anar avan\u00e7ant en el reconeixement auditiu.<br \/>\nDespr\u00e9s d&#8217;algunes sessions jugant i manipulant cintes, hem escollit (dins el munt de propostes que han sortit fruit de l&#8217;experimentaci\u00f3) un moviment per cada ritme treballat. Despr\u00e9s hem&hellip;  <a href=\"https:\/\/agora.xtec.cat\/ceip-santjordi-lleida\/portada\/reconeixement-ritmic-amb-cintes\/\" title=\"Read RECONEIXEMENT R\u00cdTMIC AMB CINTES\">Llegeix m\u00e9s\u00bb<\/a><\/p>\n","protected":false},"author":5,"featured_media":30209,"comment_status":"open","ping_status":"closed","sticky":false,"template":"","format":"standard","meta":{"_bbp_topic_count":0,"_bbp_reply_count":0,"_bbp_total_topic_count":0,"_bbp_total_reply_count":0,"_bbp_voice_count":0,"_bbp_anonymous_reply_count":0,"_bbp_topic_count_hidden":0,"_bbp_reply_count_hidden":0,"_bbp_forum_subforum_count":0,"footnotes":""},"categories":[13,320,4,5],"tags":[357,400],"class_list":["post-30208","post","type-post","status-publish","format-standard","has-post-thumbnail","hentry","category-4t","category-musica","category-portada","category-primaria","tag-moviment","tag-ritme"],"post_mailing_queue_ids":[],"_links":{"self":[{"href":"https:\/\/agora.xtec.cat\/ceip-santjordi-lleida\/wp-json\/wp\/v2\/posts\/30208","targetHints":{"allow":["GET"]}}],"collection":[{"href":"https:\/\/agora.xtec.cat\/ceip-santjordi-lleida\/wp-json\/wp\/v2\/posts"}],"about":[{"href":"https:\/\/agora.xtec.cat\/ceip-santjordi-lleida\/wp-json\/wp\/v2\/types\/post"}],"author":[{"embeddable":true,"href":"https:\/\/agora.xtec.cat\/ceip-santjordi-lleida\/wp-json\/wp\/v2\/users\/5"}],"replies":[{"embeddable":true,"href":"https:\/\/agora.xtec.cat\/ceip-santjordi-lleida\/wp-json\/wp\/v2\/comments?post=30208"}],"version-history":[{"count":1,"href":"https:\/\/agora.xtec.cat\/ceip-santjordi-lleida\/wp-json\/wp\/v2\/posts\/30208\/revisions"}],"predecessor-version":[{"id":30210,"href":"https:\/\/agora.xtec.cat\/ceip-santjordi-lleida\/wp-json\/wp\/v2\/posts\/30208\/revisions\/30210"}],"wp:featuredmedia":[{"embeddable":true,"href":"https:\/\/agora.xtec.cat\/ceip-santjordi-lleida\/wp-json\/wp\/v2\/media\/30209"}],"wp:attachment":[{"href":"https:\/\/agora.xtec.cat\/ceip-santjordi-lleida\/wp-json\/wp\/v2\/media?parent=30208"}],"wp:term":[{"taxonomy":"category","embeddable":true,"href":"https:\/\/agora.xtec.cat\/ceip-santjordi-lleida\/wp-json\/wp\/v2\/categories?post=30208"},{"taxonomy":"post_tag","embeddable":true,"href":"https:\/\/agora.xtec.cat\/ceip-santjordi-lleida\/wp-json\/wp\/v2\/tags?post=30208"}],"curies":[{"name":"wp","href":"https:\/\/api.w.org\/{rel}","templated":true}]}}