{"id":30141,"date":"2022-02-13T19:13:12","date_gmt":"2022-02-13T18:13:12","guid":{"rendered":"https:\/\/agora.xtec.cat\/ceip-santjordi-lleida\/?p=30141"},"modified":"2022-02-13T19:13:12","modified_gmt":"2022-02-13T18:13:12","slug":"audicio-ritme-i-moviment-a-2n","status":"publish","type":"post","link":"https:\/\/agora.xtec.cat\/ceip-santjordi-lleida\/portada\/audicio-ritme-i-moviment-a-2n\/","title":{"rendered":"AUDICI\u00d3 RITME I MOVIMENT a 2n"},"content":{"rendered":"<p>El passat 10 de febrer, vam anar a l\u2019Auditori a gaudir d\u2019una audici\u00f3: l\u2019Illa de man. En aquesta audici\u00f3 vam escoltar tot un seguit de m\u00fasiques celtes i durant els dies previs a l\u2019audici\u00f3, des de l\u2019aula de m\u00fasica, hem fet treballs creatius a partir de m\u00fasiques celtes. Aquest que us presentem ens ha servit per crear despr\u00e9s d\u2019haver fet un an\u00e0lisi de les frases, un treball de creaci\u00f3 r\u00edtmica i coreogr\u00e0fica. El resultat ha estat aquest:<\/p>\n<p><iframe loading=\"lazy\" title=\"Creaci\u00f3 r\u00edtmica i de moviment 2n 01\" width=\"500\" height=\"281\" src=\"https:\/\/www.youtube.com\/embed\/OSZ7ARAWZqA?feature=oembed\" frameborder=\"0\" allow=\"accelerometer; autoplay; clipboard-write; encrypted-media; gyroscope; picture-in-picture; web-share\" referrerpolicy=\"strict-origin-when-cross-origin\" allowfullscreen><\/iframe><\/p>\n<p><iframe loading=\"lazy\" title=\"Creaci\u00f3 r\u00edtmica i de moviment 2n 02\" width=\"500\" height=\"281\" src=\"https:\/\/www.youtube.com\/embed\/58GLPep1u4o?feature=oembed\" frameborder=\"0\" allow=\"accelerometer; autoplay; clipboard-write; encrypted-media; gyroscope; picture-in-picture; web-share\" referrerpolicy=\"strict-origin-when-cross-origin\" allowfullscreen><\/iframe><\/p>\n<p><iframe loading=\"lazy\" title=\"Creaci\u00f3 r\u00edtmica i de moviment 2n 03\" width=\"500\" height=\"281\" src=\"https:\/\/www.youtube.com\/embed\/xiw8cF5C494?feature=oembed\" frameborder=\"0\" allow=\"accelerometer; autoplay; clipboard-write; encrypted-media; gyroscope; picture-in-picture; web-share\" referrerpolicy=\"strict-origin-when-cross-origin\" allowfullscreen><\/iframe><\/p>\n<p><iframe loading=\"lazy\" title=\"Creaci\u00f3 r\u00edtmica i de moviment de 2n 04\" width=\"500\" height=\"281\" src=\"https:\/\/www.youtube.com\/embed\/sBPzYe7M-I8?feature=oembed\" frameborder=\"0\" allow=\"accelerometer; autoplay; clipboard-write; encrypted-media; gyroscope; picture-in-picture; web-share\" referrerpolicy=\"strict-origin-when-cross-origin\" allowfullscreen><\/iframe><\/p>\n<p><iframe loading=\"lazy\" title=\"Creaci\u00f3 r\u00edtmica i de moviment de 2n 05\" width=\"500\" height=\"281\" src=\"https:\/\/www.youtube.com\/embed\/FSHMH7vpcNM?feature=oembed\" frameborder=\"0\" allow=\"accelerometer; autoplay; clipboard-write; encrypted-media; gyroscope; picture-in-picture; web-share\" referrerpolicy=\"strict-origin-when-cross-origin\" allowfullscreen><\/iframe><\/p>\n","protected":false},"excerpt":{"rendered":"<p>El passat 10 de febrer, vam anar a l\u2019Auditori a gaudir d\u2019una audici\u00f3: l\u2019Illa de man. En aquesta audici\u00f3 vam escoltar tot un seguit de m\u00fasiques celtes i durant els dies previs a l\u2019audici\u00f3, des de l\u2019aula de m\u00fasica, hem fet treballs creatius a partir&hellip;  <a href=\"https:\/\/agora.xtec.cat\/ceip-santjordi-lleida\/portada\/audicio-ritme-i-moviment-a-2n\/\" title=\"Read AUDICI\u00d3 RITME I MOVIMENT a 2n\">Llegeix m\u00e9s\u00bb<\/a><\/p>\n","protected":false},"author":5,"featured_media":30142,"comment_status":"open","ping_status":"closed","sticky":false,"template":"","format":"standard","meta":{"_bbp_topic_count":0,"_bbp_reply_count":0,"_bbp_total_topic_count":0,"_bbp_total_reply_count":0,"_bbp_voice_count":0,"_bbp_anonymous_reply_count":0,"_bbp_topic_count_hidden":0,"_bbp_reply_count_hidden":0,"_bbp_forum_subforum_count":0,"footnotes":""},"categories":[11,320,4,5],"tags":[438,400],"class_list":["post-30141","post","type-post","status-publish","format-standard","has-post-thumbnail","hentry","category-2n","category-musica","category-portada","category-primaria","tag-creacions","tag-ritme"],"post_mailing_queue_ids":[],"_links":{"self":[{"href":"https:\/\/agora.xtec.cat\/ceip-santjordi-lleida\/wp-json\/wp\/v2\/posts\/30141","targetHints":{"allow":["GET"]}}],"collection":[{"href":"https:\/\/agora.xtec.cat\/ceip-santjordi-lleida\/wp-json\/wp\/v2\/posts"}],"about":[{"href":"https:\/\/agora.xtec.cat\/ceip-santjordi-lleida\/wp-json\/wp\/v2\/types\/post"}],"author":[{"embeddable":true,"href":"https:\/\/agora.xtec.cat\/ceip-santjordi-lleida\/wp-json\/wp\/v2\/users\/5"}],"replies":[{"embeddable":true,"href":"https:\/\/agora.xtec.cat\/ceip-santjordi-lleida\/wp-json\/wp\/v2\/comments?post=30141"}],"version-history":[{"count":1,"href":"https:\/\/agora.xtec.cat\/ceip-santjordi-lleida\/wp-json\/wp\/v2\/posts\/30141\/revisions"}],"predecessor-version":[{"id":30143,"href":"https:\/\/agora.xtec.cat\/ceip-santjordi-lleida\/wp-json\/wp\/v2\/posts\/30141\/revisions\/30143"}],"wp:featuredmedia":[{"embeddable":true,"href":"https:\/\/agora.xtec.cat\/ceip-santjordi-lleida\/wp-json\/wp\/v2\/media\/30142"}],"wp:attachment":[{"href":"https:\/\/agora.xtec.cat\/ceip-santjordi-lleida\/wp-json\/wp\/v2\/media?parent=30141"}],"wp:term":[{"taxonomy":"category","embeddable":true,"href":"https:\/\/agora.xtec.cat\/ceip-santjordi-lleida\/wp-json\/wp\/v2\/categories?post=30141"},{"taxonomy":"post_tag","embeddable":true,"href":"https:\/\/agora.xtec.cat\/ceip-santjordi-lleida\/wp-json\/wp\/v2\/tags?post=30141"}],"curies":[{"name":"wp","href":"https:\/\/api.w.org\/{rel}","templated":true}]}}