{"id":30109,"date":"2022-01-30T20:22:12","date_gmt":"2022-01-30T19:22:12","guid":{"rendered":"https:\/\/agora.xtec.cat\/ceip-santjordi-lleida\/?p=30109"},"modified":"2022-01-30T20:22:12","modified_gmt":"2022-01-30T19:22:12","slug":"audicio-ritme-i-moviment","status":"publish","type":"post","link":"https:\/\/agora.xtec.cat\/ceip-santjordi-lleida\/portada\/audicio-ritme-i-moviment\/","title":{"rendered":"AUDICI\u00d3, RITME I MOVIMENT."},"content":{"rendered":"<p>Ben aviat, el 10 de febrer, ens n&#8217;anirem a l&#8217;Auditori a gaudir d&#8217;una audici\u00f3: l&#8217;Illa de man. En aquesta audici\u00f3 escoltarem tot un seguit de m\u00fasiques celtes i durant els dies previs a l&#8217;audici\u00f3, des de l&#8217;aula de m\u00fasica, fem treballs creatius a partir de m\u00fasiques celtes. Aquest que us presentem ens ha servit per crear despr\u00e9s d&#8217;haver fet un an\u00e0lisi de les frases, un treball de creaci\u00f3 r\u00edtmica i coreogr\u00e0fica. El resultat ha estat aquest:<\/p>\n<p><iframe loading=\"lazy\" title=\"Creaci\u00f3 r\u00edtmica i de moviment amb m\u00fasica celta 1r 04\" width=\"500\" height=\"281\" src=\"https:\/\/www.youtube.com\/embed\/siXLOOJIXTI?feature=oembed\" frameborder=\"0\" allow=\"accelerometer; autoplay; clipboard-write; encrypted-media; gyroscope; picture-in-picture; web-share\" referrerpolicy=\"strict-origin-when-cross-origin\" allowfullscreen><\/iframe><\/p>\n<p><iframe loading=\"lazy\" title=\"Creaci\u00f3 r\u00edtmica i de moviment amb m\u00fasica celta 1r 02\" width=\"500\" height=\"281\" src=\"https:\/\/www.youtube.com\/embed\/Tn1SUPYZjfo?feature=oembed\" frameborder=\"0\" allow=\"accelerometer; autoplay; clipboard-write; encrypted-media; gyroscope; picture-in-picture; web-share\" referrerpolicy=\"strict-origin-when-cross-origin\" allowfullscreen><\/iframe><\/p>\n<p><iframe loading=\"lazy\" title=\"Creaci\u00f3 r\u00edtmica i de moviment amb m\u00fasica celta 1r 03\" width=\"500\" height=\"281\" src=\"https:\/\/www.youtube.com\/embed\/I_WUx17CfB8?feature=oembed\" frameborder=\"0\" allow=\"accelerometer; autoplay; clipboard-write; encrypted-media; gyroscope; picture-in-picture; web-share\" referrerpolicy=\"strict-origin-when-cross-origin\" allowfullscreen><\/iframe><\/p>\n<p><iframe loading=\"lazy\" title=\"Creaci\u00f3 r\u00edtmica i de moviment amb m\u00fasica celta 1r 01\" width=\"500\" height=\"281\" src=\"https:\/\/www.youtube.com\/embed\/94PSulNESbA?feature=oembed\" frameborder=\"0\" allow=\"accelerometer; autoplay; clipboard-write; encrypted-media; gyroscope; picture-in-picture; web-share\" referrerpolicy=\"strict-origin-when-cross-origin\" allowfullscreen><\/iframe><\/p>\n<p>&nbsp;<\/p>\n","protected":false},"excerpt":{"rendered":"<p>Ben aviat, el 10 de febrer, ens n&#8217;anirem a l&#8217;Auditori a gaudir d&#8217;una audici\u00f3: l&#8217;Illa de man. En aquesta audici\u00f3 escoltarem tot un seguit de m\u00fasiques celtes i durant els dies previs a l&#8217;audici\u00f3, des de l&#8217;aula de m\u00fasica, fem treballs creatius a partir de&hellip;  <a href=\"https:\/\/agora.xtec.cat\/ceip-santjordi-lleida\/portada\/audicio-ritme-i-moviment\/\" title=\"Read AUDICI\u00d3, RITME I MOVIMENT.\">Llegeix m\u00e9s\u00bb<\/a><\/p>\n","protected":false},"author":5,"featured_media":30110,"comment_status":"open","ping_status":"closed","sticky":false,"template":"","format":"standard","meta":{"_bbp_topic_count":0,"_bbp_reply_count":0,"_bbp_total_topic_count":0,"_bbp_total_reply_count":0,"_bbp_voice_count":0,"_bbp_anonymous_reply_count":0,"_bbp_topic_count_hidden":0,"_bbp_reply_count_hidden":0,"_bbp_forum_subforum_count":0,"footnotes":""},"categories":[10,320,4,5],"tags":[350,357,400],"class_list":["post-30109","post","type-post","status-publish","format-standard","has-post-thumbnail","hentry","category-1r","category-musica","category-portada","category-primaria","tag-audicio","tag-moviment","tag-ritme"],"post_mailing_queue_ids":[],"_links":{"self":[{"href":"https:\/\/agora.xtec.cat\/ceip-santjordi-lleida\/wp-json\/wp\/v2\/posts\/30109","targetHints":{"allow":["GET"]}}],"collection":[{"href":"https:\/\/agora.xtec.cat\/ceip-santjordi-lleida\/wp-json\/wp\/v2\/posts"}],"about":[{"href":"https:\/\/agora.xtec.cat\/ceip-santjordi-lleida\/wp-json\/wp\/v2\/types\/post"}],"author":[{"embeddable":true,"href":"https:\/\/agora.xtec.cat\/ceip-santjordi-lleida\/wp-json\/wp\/v2\/users\/5"}],"replies":[{"embeddable":true,"href":"https:\/\/agora.xtec.cat\/ceip-santjordi-lleida\/wp-json\/wp\/v2\/comments?post=30109"}],"version-history":[{"count":1,"href":"https:\/\/agora.xtec.cat\/ceip-santjordi-lleida\/wp-json\/wp\/v2\/posts\/30109\/revisions"}],"predecessor-version":[{"id":30111,"href":"https:\/\/agora.xtec.cat\/ceip-santjordi-lleida\/wp-json\/wp\/v2\/posts\/30109\/revisions\/30111"}],"wp:featuredmedia":[{"embeddable":true,"href":"https:\/\/agora.xtec.cat\/ceip-santjordi-lleida\/wp-json\/wp\/v2\/media\/30110"}],"wp:attachment":[{"href":"https:\/\/agora.xtec.cat\/ceip-santjordi-lleida\/wp-json\/wp\/v2\/media?parent=30109"}],"wp:term":[{"taxonomy":"category","embeddable":true,"href":"https:\/\/agora.xtec.cat\/ceip-santjordi-lleida\/wp-json\/wp\/v2\/categories?post=30109"},{"taxonomy":"post_tag","embeddable":true,"href":"https:\/\/agora.xtec.cat\/ceip-santjordi-lleida\/wp-json\/wp\/v2\/tags?post=30109"}],"curies":[{"name":"wp","href":"https:\/\/api.w.org\/{rel}","templated":true}]}}