{"id":30097,"date":"2021-12-24T17:45:29","date_gmt":"2021-12-24T16:45:29","guid":{"rendered":"https:\/\/agora.xtec.cat\/ceip-santjordi-lleida\/?p=30097"},"modified":"2022-02-17T12:03:31","modified_gmt":"2022-02-17T11:03:31","slug":"nadal-2021-la-confianca","status":"publish","type":"post","link":"https:\/\/agora.xtec.cat\/ceip-santjordi-lleida\/infantil\/nadal-2021-la-confianca\/","title":{"rendered":"NADAL 2021: La confian\u00e7a"},"content":{"rendered":"<p>Enguany des de l&#8217;escola ten\u00edem preparat un espectacle per oferir-vos a les fam\u00edlies i a tota la comunitat educativa, un espectacle lligat a la torronada que cada any, fins el 2019, vam fer a l&#8217;escola.<\/p>\n<p>A causa de la situaci\u00f3 actual ens vam veure for\u00e7ats a realitzar la nostra particular festa amb les portes tancades a les fam\u00edlies, per\u00f2 tot l&#8217;alumnat en va poder gaudir.<\/p>\n<p>L&#8217;eix vertebrador o la tem\u00e0tica del nostre espectacle nadalenc ha estat &#8220;la confian\u00e7a&#8221;, per\u00f2 a l&#8217;espectacle com a tal, no vam acabar de ficar-li nom. Per aquest motiu, us encoratgem a que des d&#8217;aquest espai, ens escriviu suggerint-nos possibles noms per al que va ser el nostre espectacle de Nadal.<\/p>\n<p>Tot el personal tant docent com no docent del centre us vol desitjar unes molt bones festes i que gaudiu de molts moments &#8220;Hygge&#8221;.<\/p>\n<p>El nostres espectacle comen\u00e7ava amb aquest text:<\/p>\n<p>&#8220;<em><span style=\"font-weight: 400;\">La confian\u00e7a \u00e9s quelcom conf\u00fas, sembla tan simple&#8230; per\u00f2 \u00e9s dif\u00edcil de materialitzar, pot ser dif\u00edcil d\u2019aconseguir. Parlem de la confian\u00e7a com una cosa que es construeix, com si es tract\u00e9s d&#8217;una estructura.<\/span><\/em><\/p>\n<p><em><span style=\"font-weight: 400;\">El que ens ofereix a canvi \u00e9s un luxe, perqu\u00e8 ens permet deixar de pensar, deixar de preocupar-nos per si alg\u00fa no ens sostindr\u00e0 si caiem, deixar d\u2019escanejar constantment en busca d\u2019inconsist\u00e8ncies, deixar de preguntar-nos com actuen determinades persones quan no estem davant.\u00a0<\/span><\/em><\/p>\n<p><em><span style=\"font-weight: 400;\">La confian\u00e7a ens permet relaxar una part de la nostra ment i el nostre cor i \u00e9s per aix\u00f2 que \u00e9s una trag\u00e8dia quan la confian\u00e7a es trenca, quan sentim la tra\u00efci\u00f3 que pot fer que pensis malament de persones amb les quals confies, pot fer que et posis en gu\u00e0rdia esperant la pr\u00f2xima tra\u00efci\u00f3. Aleshores sents que t\u2019endureixes, que et tanques en una cuirassa, i en els pitjors dels casos, en que no tornis a confiar mai m\u00e9s en ning\u00fa.\u00a0\u00a0<\/span><\/em><\/p>\n<p><em><span style=\"font-weight: 400;\">La confian\u00e7a, en realitat, \u00e9s la teva relaci\u00f3 amb el m\u00f3n i amb el desconegut, amb el que no pots controlar. I no pots controlar-ho tot. I no \u00e9s tot o res, \u00e9s pr\u00e0ctica lenta i constant l&#8217;aprendre a confiar, a confiar en la gent i en el m\u00f3n. I val la pena seguir intentant-ho, encara que no sigui f\u00e0cil.<\/span><\/em><\/p>\n<p><em><span style=\"font-weight: 400;\">Alguns diuen que la confian\u00e7a \u00e9s com una forquilla que funciona en m\u00e9s d\u2019una direcci\u00f3: f\u00edsica, emocional, espiritual&#8230;<\/span><\/em><\/p>\n<p><em><span style=\"font-weight: 400;\">Altres diuen que la confian\u00e7a \u00e9s com unes mans invisibles que s\u2019estenen pel m\u00f3n buscant a alg\u00fa per a sostenir a mesura que camina cap al futur que desconeix. Com alguna cosa que ens protegeix, que ens permet ser i que ens permet construir entre tots.\u00a0<\/span><\/em><\/p>\n<p><em><span style=\"font-weight: 400;\">Els humans necessitem que alg\u00fa confi\u00ef en nosaltres, que alg\u00fa confi\u00ef en tu.<\/span><\/em><\/p>\n<p><em><span style=\"font-weight: 400;\">Que et digui: endavant, anem, camina, que jo et cuido, que jo estar\u00e9 aqu\u00ed si em necessites. Tanca els ulls i anem &#8230; on vulguis.\u00a0<\/span><\/em><\/p>\n<p><em><span style=\"font-weight: 400;\">I tu, en qu\u00e8 vols confiar? <\/span><span style=\"font-weight: 400;\">en qui vols confiar per a ser i per a construir?<\/span><\/em><i><span style=\"font-weight: 400;\">&#8220;<\/span><\/i><\/p>\n<p>Clica a la imatge per veure&#8217;n m\u00e9s.<\/p>\n<p>&nbsp;<\/p>\n<p><a href=\"https:\/\/photos.app.goo.gl\/M2QhzsZZHnkz85Su6\" target=\"_blank\" rel=\"noopener\"><img loading=\"lazy\" decoding=\"async\" class=\"alignnone wp-image-30098 size-full\" src=\"https:\/\/agora.xtec.cat\/ceip-santjordi-lleida\/wp-content\/uploads\/usu1393\/2021\/12\/nadal_2021.jpeg\" alt=\"\" width=\"1008\" height=\"756\" srcset=\"https:\/\/agora.xtec.cat\/ceip-santjordi-lleida\/wp-content\/uploads\/usu1393\/2021\/12\/nadal_2021.jpeg 1008w, https:\/\/agora.xtec.cat\/ceip-santjordi-lleida\/wp-content\/uploads\/usu1393\/2021\/12\/nadal_2021-300x225.jpeg 300w, https:\/\/agora.xtec.cat\/ceip-santjordi-lleida\/wp-content\/uploads\/usu1393\/2021\/12\/nadal_2021-768x576.jpeg 768w, https:\/\/agora.xtec.cat\/ceip-santjordi-lleida\/wp-content\/uploads\/usu1393\/2021\/12\/nadal_2021-200x150.jpeg 200w\" sizes=\"auto, (max-width: 1008px) 100vw, 1008px\" \/><\/a><\/p>\n<p>ELS V\u00cdDEOS DE LES TRES ESCENES:<\/p>\n<p>Escena 1:<\/p>\n<p><iframe loading=\"lazy\" title=\"Confian\u00e7a 01\" width=\"500\" height=\"281\" src=\"https:\/\/www.youtube.com\/embed\/2ssLzNXvxl4?feature=oembed\" frameborder=\"0\" allow=\"accelerometer; autoplay; clipboard-write; encrypted-media; gyroscope; picture-in-picture; web-share\" referrerpolicy=\"strict-origin-when-cross-origin\" allowfullscreen><\/iframe><\/p>\n<p>Escena 2:<\/p>\n<p><iframe loading=\"lazy\" title=\"Confian\u00e7a 02\" width=\"500\" height=\"281\" src=\"https:\/\/www.youtube.com\/embed\/D6Eli6tQNvc?feature=oembed\" frameborder=\"0\" allow=\"accelerometer; autoplay; clipboard-write; encrypted-media; gyroscope; picture-in-picture; web-share\" referrerpolicy=\"strict-origin-when-cross-origin\" allowfullscreen><\/iframe><\/p>\n<p>Escena 3:<\/p>\n<p><a href=\"https:\/\/photos.app.goo.gl\/kMDdr1NjNAHgenAz6\" target=\"_blank\" rel=\"noopener\">Link<\/a><\/p>\n","protected":false},"excerpt":{"rendered":"<p>Enguany des de l&#8217;escola ten\u00edem preparat un espectacle per oferir-vos a les fam\u00edlies i a tota la comunitat educativa, un espectacle lligat a la torronada que cada any, fins el 2019, vam fer a l&#8217;escola.<br \/>\nA causa de la situaci\u00f3 actual ens vam veure for\u00e7ats a&hellip;  <a href=\"https:\/\/agora.xtec.cat\/ceip-santjordi-lleida\/infantil\/nadal-2021-la-confianca\/\" title=\"Read NADAL 2021: La confian\u00e7a\">Llegeix m\u00e9s\u00bb<\/a><\/p>\n","protected":false},"author":5,"featured_media":30098,"comment_status":"open","ping_status":"closed","sticky":false,"template":"","format":"standard","meta":{"_bbp_topic_count":0,"_bbp_reply_count":0,"_bbp_total_topic_count":0,"_bbp_total_reply_count":0,"_bbp_voice_count":0,"_bbp_anonymous_reply_count":0,"_bbp_topic_count_hidden":0,"_bbp_reply_count_hidden":0,"_bbp_forum_subforum_count":0,"footnotes":""},"categories":[10,11,12,13,14,15,3,8,9,321,2,320,4,5],"tags":[371],"class_list":["post-30097","post","type-post","status-publish","format-standard","has-post-thumbnail","hentry","category-1r","category-2n","category-3r","category-4t","category-5e","category-6e","category-blava","category-groga","category-verda","category-festes","category-infantil","category-musica","category-portada","category-primaria","tag-festa-de-nadal"],"post_mailing_queue_ids":[],"_links":{"self":[{"href":"https:\/\/agora.xtec.cat\/ceip-santjordi-lleida\/wp-json\/wp\/v2\/posts\/30097","targetHints":{"allow":["GET"]}}],"collection":[{"href":"https:\/\/agora.xtec.cat\/ceip-santjordi-lleida\/wp-json\/wp\/v2\/posts"}],"about":[{"href":"https:\/\/agora.xtec.cat\/ceip-santjordi-lleida\/wp-json\/wp\/v2\/types\/post"}],"author":[{"embeddable":true,"href":"https:\/\/agora.xtec.cat\/ceip-santjordi-lleida\/wp-json\/wp\/v2\/users\/5"}],"replies":[{"embeddable":true,"href":"https:\/\/agora.xtec.cat\/ceip-santjordi-lleida\/wp-json\/wp\/v2\/comments?post=30097"}],"version-history":[{"count":1,"href":"https:\/\/agora.xtec.cat\/ceip-santjordi-lleida\/wp-json\/wp\/v2\/posts\/30097\/revisions"}],"predecessor-version":[{"id":30099,"href":"https:\/\/agora.xtec.cat\/ceip-santjordi-lleida\/wp-json\/wp\/v2\/posts\/30097\/revisions\/30099"}],"wp:featuredmedia":[{"embeddable":true,"href":"https:\/\/agora.xtec.cat\/ceip-santjordi-lleida\/wp-json\/wp\/v2\/media\/30098"}],"wp:attachment":[{"href":"https:\/\/agora.xtec.cat\/ceip-santjordi-lleida\/wp-json\/wp\/v2\/media?parent=30097"}],"wp:term":[{"taxonomy":"category","embeddable":true,"href":"https:\/\/agora.xtec.cat\/ceip-santjordi-lleida\/wp-json\/wp\/v2\/categories?post=30097"},{"taxonomy":"post_tag","embeddable":true,"href":"https:\/\/agora.xtec.cat\/ceip-santjordi-lleida\/wp-json\/wp\/v2\/tags?post=30097"}],"curies":[{"name":"wp","href":"https:\/\/api.w.org\/{rel}","templated":true}]}}