{"id":30069,"date":"2021-12-04T17:09:32","date_gmt":"2021-12-04T16:09:32","guid":{"rendered":"https:\/\/agora.xtec.cat\/ceip-santjordi-lleida\/?p=30069"},"modified":"2021-12-04T17:09:32","modified_gmt":"2021-12-04T16:09:32","slug":"col%c2%b7laboracio-amb-els-joves-de-linstitut","status":"publish","type":"post","link":"https:\/\/agora.xtec.cat\/ceip-santjordi-lleida\/portada\/col%c2%b7laboracio-amb-els-joves-de-linstitut\/","title":{"rendered":"COL\u00b7LABORACI\u00d3 AMB ELS JOVES DE L&#8217;INSTITUT"},"content":{"rendered":"<p>Durant l&#8217;\u00faltima setmana de novembre, uns quants joves de l&#8217;institut van venir a la nostra escola a ensenyar-nos l&#8217;instrument que toquen i a explicar-nos coses sobre aquests, aix\u00ed com fer-nos una petita audici\u00f3. No tots els grups en vam poder gaudir per\u00f2 s\u00ed que ho vam fer el grup de 2n i 4a.<\/p>\n<p>Us deixem un recull de fotos del qu\u00e8 va ser aquell mat\u00ed.<\/p>\n<p>Moltes gr\u00e0cies Adri\u00e0, Guillem, Lluc i Emma per la vostra col\u00b7laboraci\u00f3.<\/p>\n<p><a href=\"https:\/\/photos.app.goo.gl\/9YqgCVfRz2cEWRL26\" target=\"_blank\" rel=\"noopener\"><img loading=\"lazy\" decoding=\"async\" class=\"alignnone wp-image-30070 size-large\" src=\"https:\/\/agora.xtec.cat\/ceip-santjordi-lleida\/wp-content\/uploads\/usu1393\/2021\/12\/IMG-5410-1024x768.jpg\" alt=\"\" width=\"1024\" height=\"768\" srcset=\"https:\/\/agora.xtec.cat\/ceip-santjordi-lleida\/wp-content\/uploads\/usu1393\/2021\/12\/IMG-5410-1024x768.jpg 1024w, https:\/\/agora.xtec.cat\/ceip-santjordi-lleida\/wp-content\/uploads\/usu1393\/2021\/12\/IMG-5410-300x225.jpg 300w, https:\/\/agora.xtec.cat\/ceip-santjordi-lleida\/wp-content\/uploads\/usu1393\/2021\/12\/IMG-5410-768x576.jpg 768w, https:\/\/agora.xtec.cat\/ceip-santjordi-lleida\/wp-content\/uploads\/usu1393\/2021\/12\/IMG-5410-1536x1152.jpg 1536w, https:\/\/agora.xtec.cat\/ceip-santjordi-lleida\/wp-content\/uploads\/usu1393\/2021\/12\/IMG-5410-2048x1536.jpg 2048w, https:\/\/agora.xtec.cat\/ceip-santjordi-lleida\/wp-content\/uploads\/usu1393\/2021\/12\/IMG-5410-200x150.jpg 200w\" sizes=\"auto, (max-width: 1024px) 100vw, 1024px\" \/><\/a><\/p>\n","protected":false},"excerpt":{"rendered":"<p>Durant l&#8217;\u00faltima setmana de novembre, uns quants joves de l&#8217;institut van venir a la nostra escola a ensenyar-nos l&#8217;instrument que toquen i a explicar-nos coses sobre aquests, aix\u00ed com fer-nos una petita audici\u00f3. No tots els grups en vam poder gaudir per\u00f2 s\u00ed que ho&hellip;  <a href=\"https:\/\/agora.xtec.cat\/ceip-santjordi-lleida\/portada\/col%c2%b7laboracio-amb-els-joves-de-linstitut\/\" title=\"Read COL\u00b7LABORACI\u00d3 AMB ELS JOVES DE L&#8217;INSTITUT\">Llegeix m\u00e9s\u00bb<\/a><\/p>\n","protected":false},"author":5,"featured_media":30070,"comment_status":"open","ping_status":"closed","sticky":false,"template":"","format":"standard","meta":{"_bbp_topic_count":0,"_bbp_reply_count":0,"_bbp_total_topic_count":0,"_bbp_total_reply_count":0,"_bbp_voice_count":0,"_bbp_anonymous_reply_count":0,"_bbp_topic_count_hidden":0,"_bbp_reply_count_hidden":0,"_bbp_forum_subforum_count":0,"footnotes":""},"categories":[11,13,320,4,5],"tags":[350],"class_list":["post-30069","post","type-post","status-publish","format-standard","has-post-thumbnail","hentry","category-2n","category-4t","category-musica","category-portada","category-primaria","tag-audicio"],"post_mailing_queue_ids":[],"_links":{"self":[{"href":"https:\/\/agora.xtec.cat\/ceip-santjordi-lleida\/wp-json\/wp\/v2\/posts\/30069","targetHints":{"allow":["GET"]}}],"collection":[{"href":"https:\/\/agora.xtec.cat\/ceip-santjordi-lleida\/wp-json\/wp\/v2\/posts"}],"about":[{"href":"https:\/\/agora.xtec.cat\/ceip-santjordi-lleida\/wp-json\/wp\/v2\/types\/post"}],"author":[{"embeddable":true,"href":"https:\/\/agora.xtec.cat\/ceip-santjordi-lleida\/wp-json\/wp\/v2\/users\/5"}],"replies":[{"embeddable":true,"href":"https:\/\/agora.xtec.cat\/ceip-santjordi-lleida\/wp-json\/wp\/v2\/comments?post=30069"}],"version-history":[{"count":1,"href":"https:\/\/agora.xtec.cat\/ceip-santjordi-lleida\/wp-json\/wp\/v2\/posts\/30069\/revisions"}],"predecessor-version":[{"id":30071,"href":"https:\/\/agora.xtec.cat\/ceip-santjordi-lleida\/wp-json\/wp\/v2\/posts\/30069\/revisions\/30071"}],"wp:featuredmedia":[{"embeddable":true,"href":"https:\/\/agora.xtec.cat\/ceip-santjordi-lleida\/wp-json\/wp\/v2\/media\/30070"}],"wp:attachment":[{"href":"https:\/\/agora.xtec.cat\/ceip-santjordi-lleida\/wp-json\/wp\/v2\/media?parent=30069"}],"wp:term":[{"taxonomy":"category","embeddable":true,"href":"https:\/\/agora.xtec.cat\/ceip-santjordi-lleida\/wp-json\/wp\/v2\/categories?post=30069"},{"taxonomy":"post_tag","embeddable":true,"href":"https:\/\/agora.xtec.cat\/ceip-santjordi-lleida\/wp-json\/wp\/v2\/tags?post=30069"}],"curies":[{"name":"wp","href":"https:\/\/api.w.org\/{rel}","templated":true}]}}