{"id":30057,"date":"2021-12-04T16:49:12","date_gmt":"2021-12-04T15:49:12","guid":{"rendered":"https:\/\/agora.xtec.cat\/ceip-santjordi-lleida\/?p=30057"},"modified":"2021-12-04T16:49:12","modified_gmt":"2021-12-04T15:49:12","slug":"canco-si-ma-ma-ka","status":"publish","type":"post","link":"https:\/\/agora.xtec.cat\/ceip-santjordi-lleida\/portada\/canco-si-ma-ma-ka\/","title":{"rendered":"CAN\u00c7\u00d3: si ma ma ka"},"content":{"rendered":"<p>Aquesta va ser una de les can\u00e7ons que el David en va ensenyar al taller de &#8220;Veus i ritmes d&#8217;\u00c0frica&#8221;. Nosaltres l&#8217;hem interpretada aix\u00ed.<\/p>\n<p><iframe loading=\"lazy\" title=\"Si ma ma ka\" width=\"500\" height=\"281\" src=\"https:\/\/www.youtube.com\/embed\/7XijUYEIflQ?feature=oembed\" frameborder=\"0\" allow=\"accelerometer; autoplay; clipboard-write; encrypted-media; gyroscope; picture-in-picture; web-share\" referrerpolicy=\"strict-origin-when-cross-origin\" allowfullscreen><\/iframe><\/p>\n","protected":false},"excerpt":{"rendered":"<p>Aquesta va ser una de les can\u00e7ons que el David en va ensenyar al taller de &#8220;Veus i ritmes d&#8217;\u00c0frica&#8221;. Nosaltres l&#8217;hem interpretada aix\u00ed.<\/p>\n","protected":false},"author":5,"featured_media":30058,"comment_status":"open","ping_status":"closed","sticky":false,"template":"","format":"standard","meta":{"_bbp_topic_count":0,"_bbp_reply_count":0,"_bbp_total_topic_count":0,"_bbp_total_reply_count":0,"_bbp_voice_count":0,"_bbp_anonymous_reply_count":0,"_bbp_topic_count_hidden":0,"_bbp_reply_count_hidden":0,"_bbp_forum_subforum_count":0,"footnotes":""},"categories":[12,320,4,5],"tags":[348],"class_list":["post-30057","post","type-post","status-publish","format-standard","has-post-thumbnail","hentry","category-3r","category-musica","category-portada","category-primaria","tag-canco"],"post_mailing_queue_ids":[],"_links":{"self":[{"href":"https:\/\/agora.xtec.cat\/ceip-santjordi-lleida\/wp-json\/wp\/v2\/posts\/30057","targetHints":{"allow":["GET"]}}],"collection":[{"href":"https:\/\/agora.xtec.cat\/ceip-santjordi-lleida\/wp-json\/wp\/v2\/posts"}],"about":[{"href":"https:\/\/agora.xtec.cat\/ceip-santjordi-lleida\/wp-json\/wp\/v2\/types\/post"}],"author":[{"embeddable":true,"href":"https:\/\/agora.xtec.cat\/ceip-santjordi-lleida\/wp-json\/wp\/v2\/users\/5"}],"replies":[{"embeddable":true,"href":"https:\/\/agora.xtec.cat\/ceip-santjordi-lleida\/wp-json\/wp\/v2\/comments?post=30057"}],"version-history":[{"count":1,"href":"https:\/\/agora.xtec.cat\/ceip-santjordi-lleida\/wp-json\/wp\/v2\/posts\/30057\/revisions"}],"predecessor-version":[{"id":30059,"href":"https:\/\/agora.xtec.cat\/ceip-santjordi-lleida\/wp-json\/wp\/v2\/posts\/30057\/revisions\/30059"}],"wp:featuredmedia":[{"embeddable":true,"href":"https:\/\/agora.xtec.cat\/ceip-santjordi-lleida\/wp-json\/wp\/v2\/media\/30058"}],"wp:attachment":[{"href":"https:\/\/agora.xtec.cat\/ceip-santjordi-lleida\/wp-json\/wp\/v2\/media?parent=30057"}],"wp:term":[{"taxonomy":"category","embeddable":true,"href":"https:\/\/agora.xtec.cat\/ceip-santjordi-lleida\/wp-json\/wp\/v2\/categories?post=30057"},{"taxonomy":"post_tag","embeddable":true,"href":"https:\/\/agora.xtec.cat\/ceip-santjordi-lleida\/wp-json\/wp\/v2\/tags?post=30057"}],"curies":[{"name":"wp","href":"https:\/\/api.w.org\/{rel}","templated":true}]}}