{"id":30034,"date":"2021-12-04T16:09:23","date_gmt":"2021-12-04T15:09:23","guid":{"rendered":"https:\/\/agora.xtec.cat\/ceip-santjordi-lleida\/?p=30034"},"modified":"2021-12-04T16:13:52","modified_gmt":"2021-12-04T15:13:52","slug":"setmana-musical-a-6e-4","status":"publish","type":"post","link":"https:\/\/agora.xtec.cat\/ceip-santjordi-lleida\/portada\/setmana-musical-a-6e-4\/","title":{"rendered":"SETMANA MUSICAL A 6\u00c8"},"content":{"rendered":"<p>L&#8217;\u00faltima setmana de novembre, vam celebrar una setmana musical a l&#8217;escola. Durant la setmana els nens i nenes de l&#8217;escola que toquen algun instrument o b\u00e9 tenen un talent especial amb la interpretaci\u00f3 instrumental, ens van oferir diferents audicions. La majoria d&#8217;elles van ser dins el mateix grup classe, per\u00f2 tamb\u00e9 hi van haver col\u00b7laboracions d&#8217;altres cursos i de l&#8217;institut Manuel de Montsuar.<\/p>\n<p>Us deixem uns quants v\u00eddeos del les interpretacions que es van fer a la nostra classe.<\/p>\n<p>EL SERGI I EL PIANO:<\/p>\n<p><iframe loading=\"lazy\" title=\"Sergi i el piano\" width=\"500\" height=\"281\" src=\"https:\/\/www.youtube.com\/embed\/vxmtf7v3z6Q?feature=oembed\" frameborder=\"0\" allow=\"accelerometer; autoplay; clipboard-write; encrypted-media; gyroscope; picture-in-picture; web-share\" referrerpolicy=\"strict-origin-when-cross-origin\" allowfullscreen><\/iframe><\/p>\n<p>EL SAXO I EL JOEL:<\/p>\n<p><iframe loading=\"lazy\" title=\"Joel i el saxo 01\" width=\"500\" height=\"281\" src=\"https:\/\/www.youtube.com\/embed\/JQFoFrC6PC8?feature=oembed\" frameborder=\"0\" allow=\"accelerometer; autoplay; clipboard-write; encrypted-media; gyroscope; picture-in-picture; web-share\" referrerpolicy=\"strict-origin-when-cross-origin\" allowfullscreen><\/iframe><\/p>\n<p><iframe loading=\"lazy\" title=\"Joel i el saxo 02\" width=\"500\" height=\"281\" src=\"https:\/\/www.youtube.com\/embed\/wwjR478QUYo?feature=oembed\" frameborder=\"0\" allow=\"accelerometer; autoplay; clipboard-write; encrypted-media; gyroscope; picture-in-picture; web-share\" referrerpolicy=\"strict-origin-when-cross-origin\" allowfullscreen><\/iframe><\/p>\n<p>EL JAN I LA BATERIA:<\/p>\n<p>https:\/\/www.youtube.com\/watch?v=bSfx3-6zJHY<\/p>\n<p>EL ROGER R I LA GUITARRA:<\/p>\n<p><iframe loading=\"lazy\" title=\"Roger i la guitarra 02\" width=\"500\" height=\"281\" src=\"https:\/\/www.youtube.com\/embed\/Jh1Bdyvilno?feature=oembed\" frameborder=\"0\" allow=\"accelerometer; autoplay; clipboard-write; encrypted-media; gyroscope; picture-in-picture; web-share\" referrerpolicy=\"strict-origin-when-cross-origin\" allowfullscreen><\/iframe><\/p>\n<p>NIL, KHADI I DANI<\/p>\n<p><iframe loading=\"lazy\" title=\"Els ukeleles\" width=\"500\" height=\"281\" src=\"https:\/\/www.youtube.com\/embed\/2IK3ywEQK6s?feature=oembed\" frameborder=\"0\" allow=\"accelerometer; autoplay; clipboard-write; encrypted-media; gyroscope; picture-in-picture; web-share\" referrerpolicy=\"strict-origin-when-cross-origin\" allowfullscreen><\/iframe><\/p>\n","protected":false},"excerpt":{"rendered":"<p>L&#8217;\u00faltima setmana de novembre, vam celebrar una setmana musical a l&#8217;escola. Durant la setmana els nens i nenes de l&#8217;escola que toquen algun instrument o b\u00e9 tenen un talent especial amb la interpretaci\u00f3 instrumental, ens van oferir diferents audicions. La majoria d&#8217;elles van ser dins&hellip;  <a href=\"https:\/\/agora.xtec.cat\/ceip-santjordi-lleida\/portada\/setmana-musical-a-6e-4\/\" title=\"Read SETMANA MUSICAL A 6\u00c8\">Llegeix m\u00e9s\u00bb<\/a><\/p>\n","protected":false},"author":5,"featured_media":30035,"comment_status":"open","ping_status":"closed","sticky":false,"template":"","format":"standard","meta":{"_bbp_topic_count":0,"_bbp_reply_count":0,"_bbp_total_topic_count":0,"_bbp_total_reply_count":0,"_bbp_voice_count":0,"_bbp_anonymous_reply_count":0,"_bbp_topic_count_hidden":0,"_bbp_reply_count_hidden":0,"_bbp_forum_subforum_count":0,"footnotes":""},"categories":[15,320,4,5],"tags":[350],"class_list":["post-30034","post","type-post","status-publish","format-standard","has-post-thumbnail","hentry","category-6e","category-musica","category-portada","category-primaria","tag-audicio"],"post_mailing_queue_ids":[],"_links":{"self":[{"href":"https:\/\/agora.xtec.cat\/ceip-santjordi-lleida\/wp-json\/wp\/v2\/posts\/30034","targetHints":{"allow":["GET"]}}],"collection":[{"href":"https:\/\/agora.xtec.cat\/ceip-santjordi-lleida\/wp-json\/wp\/v2\/posts"}],"about":[{"href":"https:\/\/agora.xtec.cat\/ceip-santjordi-lleida\/wp-json\/wp\/v2\/types\/post"}],"author":[{"embeddable":true,"href":"https:\/\/agora.xtec.cat\/ceip-santjordi-lleida\/wp-json\/wp\/v2\/users\/5"}],"replies":[{"embeddable":true,"href":"https:\/\/agora.xtec.cat\/ceip-santjordi-lleida\/wp-json\/wp\/v2\/comments?post=30034"}],"version-history":[{"count":2,"href":"https:\/\/agora.xtec.cat\/ceip-santjordi-lleida\/wp-json\/wp\/v2\/posts\/30034\/revisions"}],"predecessor-version":[{"id":30038,"href":"https:\/\/agora.xtec.cat\/ceip-santjordi-lleida\/wp-json\/wp\/v2\/posts\/30034\/revisions\/30038"}],"wp:featuredmedia":[{"embeddable":true,"href":"https:\/\/agora.xtec.cat\/ceip-santjordi-lleida\/wp-json\/wp\/v2\/media\/30035"}],"wp:attachment":[{"href":"https:\/\/agora.xtec.cat\/ceip-santjordi-lleida\/wp-json\/wp\/v2\/media?parent=30034"}],"wp:term":[{"taxonomy":"category","embeddable":true,"href":"https:\/\/agora.xtec.cat\/ceip-santjordi-lleida\/wp-json\/wp\/v2\/categories?post=30034"},{"taxonomy":"post_tag","embeddable":true,"href":"https:\/\/agora.xtec.cat\/ceip-santjordi-lleida\/wp-json\/wp\/v2\/tags?post=30034"}],"curies":[{"name":"wp","href":"https:\/\/api.w.org\/{rel}","templated":true}]}}