{"id":30015,"date":"2021-12-02T12:41:50","date_gmt":"2021-12-02T11:41:50","guid":{"rendered":"https:\/\/agora.xtec.cat\/ceip-santjordi-lleida\/?p=30015"},"modified":"2021-12-02T16:01:18","modified_gmt":"2021-12-02T15:01:18","slug":"el-plenario-de-la-infancia","status":"publish","type":"post","link":"https:\/\/agora.xtec.cat\/ceip-santjordi-lleida\/portada\/el-plenario-de-la-infancia\/","title":{"rendered":"EL PLENARIO DE LA INFANCIA"},"content":{"rendered":"<p><span style=\"font-weight: 400;\">El 19 de noviembre representantes de diferentes escuelas de la zona Norte de Lleida participaron en un nuevo plenario en el cual, expon\u00edan sus ideas para mejorar la ciudad.<\/span><\/p>\n<p><span style=\"font-weight: 400;\">El ayuntamiento de Lleida organiz\u00f3 una reuni\u00f3n con ni\u00f1os y ni\u00f1as de la ciudad que representaban a sus escuelas. All\u00ed, delante del alcalde y sus colaboradores presentaron sus ideas para mejorar la ciudad. Cada escuela expuso las actuaciones que les gustar\u00eda trabajar de forma conjunta con su grupo de trabajo.<\/span><\/p>\n<p><span style=\"font-weight: 400;\">Joel como representante de nuestra escuela propuso las siguientes mejoras:<\/span><\/p>\n<ul>\n<li style=\"font-weight: 400;\" aria-level=\"1\"><span style=\"font-weight: 400;\">Regular la normativa del patinete el\u00e9ctrico.\u00a0<\/span><\/li>\n<li style=\"font-weight: 400;\" aria-level=\"1\"><span style=\"font-weight: 400;\">Limpieza de los residuos de las zonas verdes de nuestra ciudad.<\/span><\/li>\n<li style=\"font-weight: 400;\" aria-level=\"1\"><span style=\"font-weight: 400;\">Sensibilizar a la ciudadan\u00eda sobre el respeto del mobiliario urbano.<\/span><\/li>\n<li style=\"font-weight: 400;\" aria-level=\"1\"><span style=\"font-weight: 400;\">Facilitar el comercio de KM 0.<\/span><\/li>\n<li style=\"font-weight: 400;\" aria-level=\"1\"><span style=\"font-weight: 400;\">Incrementar el uso del catal\u00e1n entre infantes y adolescentes.<\/span><\/li>\n<\/ul>\n<p><span style=\"font-weight: 400;\">Roger como representante de la infancia en Lleida, ley\u00f3 el manifiesto en defensa de los derechos de los infantes y adolescentes de Catalu\u00f1a.<\/span><\/p>\n<p><span style=\"font-weight: 400;\">Despu\u00e9s de este encuentro se volver\u00e1n a reunir dos veces al mes, martes y jueves para poder trabajar conjuntamente con los miembros que forman parte del proyecto. Esta reuni\u00f3n se llevar\u00e1 a cabo en las diferentes escuelas participantes de la zona Norte.<\/span><\/p>\n<p><span style=\"font-weight: 400;\">As\u00ed pues, los alumnos participantes de este plenario esperan poder aportar con sus ideas mejoras en beneficio de todos los habitantes de la ciudad.<\/span><\/p>\n<p><img loading=\"lazy\" decoding=\"async\" class=\" wp-image-30018 alignleft\" src=\"https:\/\/agora.xtec.cat\/ceip-santjordi-lleida\/wp-content\/uploads\/usu1393\/2021\/12\/plenari-classe-300x225.jpg\" alt=\"\" width=\"399\" height=\"299\" srcset=\"https:\/\/agora.xtec.cat\/ceip-santjordi-lleida\/wp-content\/uploads\/usu1393\/2021\/12\/plenari-classe-300x225.jpg 300w, https:\/\/agora.xtec.cat\/ceip-santjordi-lleida\/wp-content\/uploads\/usu1393\/2021\/12\/plenari-classe-768x576.jpg 768w, https:\/\/agora.xtec.cat\/ceip-santjordi-lleida\/wp-content\/uploads\/usu1393\/2021\/12\/plenari-classe-200x150.jpg 200w, https:\/\/agora.xtec.cat\/ceip-santjordi-lleida\/wp-content\/uploads\/usu1393\/2021\/12\/plenari-classe.jpg 1024w\" sizes=\"auto, (max-width: 399px) 100vw, 399px\" \/><\/p>\n<p><img loading=\"lazy\" decoding=\"async\" class=\"size-medium wp-image-30017 alignleft\" src=\"https:\/\/agora.xtec.cat\/ceip-santjordi-lleida\/wp-content\/uploads\/usu1393\/2021\/12\/plenari-225x300.jpg\" alt=\"\" width=\"225\" height=\"300\" srcset=\"https:\/\/agora.xtec.cat\/ceip-santjordi-lleida\/wp-content\/uploads\/usu1393\/2021\/12\/plenari-225x300.jpg 225w, https:\/\/agora.xtec.cat\/ceip-santjordi-lleida\/wp-content\/uploads\/usu1393\/2021\/12\/plenari.jpg 768w\" sizes=\"auto, (max-width: 225px) 100vw, 225px\" \/><\/p>\n<p>&nbsp;<\/p>\n<p>&nbsp;<\/p>\n<p>&nbsp;<\/p>\n","protected":false},"excerpt":{"rendered":"<p>El 19 de noviembre representantes de diferentes escuelas de la zona Norte de Lleida participaron en un nuevo plenario en el cual, expon\u00edan sus ideas para mejorar la ciudad.<br \/>\nEl ayuntamiento de Lleida organiz\u00f3 una reuni\u00f3n con ni\u00f1os y ni\u00f1as de la ciudad que representaban a&hellip;  <a href=\"https:\/\/agora.xtec.cat\/ceip-santjordi-lleida\/portada\/el-plenario-de-la-infancia\/\" title=\"Read EL PLENARIO DE LA INFANCIA\">Llegeix m\u00e9s\u00bb<\/a><\/p>\n","protected":false},"author":10,"featured_media":30017,"comment_status":"open","ping_status":"closed","sticky":false,"template":"","format":"standard","meta":{"_bbp_topic_count":0,"_bbp_reply_count":0,"_bbp_total_topic_count":0,"_bbp_total_reply_count":0,"_bbp_voice_count":0,"_bbp_anonymous_reply_count":0,"_bbp_topic_count_hidden":0,"_bbp_reply_count_hidden":0,"_bbp_forum_subforum_count":0,"footnotes":""},"categories":[15,4],"tags":[464,462,463,461,465],"class_list":["post-30015","post","type-post","status-publish","format-standard","has-post-thumbnail","hentry","category-6e","category-portada","tag-ciudad","tag-infancia","tag-mejoras","tag-plenario","tag-reunion"],"post_mailing_queue_ids":[],"_links":{"self":[{"href":"https:\/\/agora.xtec.cat\/ceip-santjordi-lleida\/wp-json\/wp\/v2\/posts\/30015","targetHints":{"allow":["GET"]}}],"collection":[{"href":"https:\/\/agora.xtec.cat\/ceip-santjordi-lleida\/wp-json\/wp\/v2\/posts"}],"about":[{"href":"https:\/\/agora.xtec.cat\/ceip-santjordi-lleida\/wp-json\/wp\/v2\/types\/post"}],"author":[{"embeddable":true,"href":"https:\/\/agora.xtec.cat\/ceip-santjordi-lleida\/wp-json\/wp\/v2\/users\/10"}],"replies":[{"embeddable":true,"href":"https:\/\/agora.xtec.cat\/ceip-santjordi-lleida\/wp-json\/wp\/v2\/comments?post=30015"}],"version-history":[{"count":3,"href":"https:\/\/agora.xtec.cat\/ceip-santjordi-lleida\/wp-json\/wp\/v2\/posts\/30015\/revisions"}],"predecessor-version":[{"id":30020,"href":"https:\/\/agora.xtec.cat\/ceip-santjordi-lleida\/wp-json\/wp\/v2\/posts\/30015\/revisions\/30020"}],"wp:featuredmedia":[{"embeddable":true,"href":"https:\/\/agora.xtec.cat\/ceip-santjordi-lleida\/wp-json\/wp\/v2\/media\/30017"}],"wp:attachment":[{"href":"https:\/\/agora.xtec.cat\/ceip-santjordi-lleida\/wp-json\/wp\/v2\/media?parent=30015"}],"wp:term":[{"taxonomy":"category","embeddable":true,"href":"https:\/\/agora.xtec.cat\/ceip-santjordi-lleida\/wp-json\/wp\/v2\/categories?post=30015"},{"taxonomy":"post_tag","embeddable":true,"href":"https:\/\/agora.xtec.cat\/ceip-santjordi-lleida\/wp-json\/wp\/v2\/tags?post=30015"}],"curies":[{"name":"wp","href":"https:\/\/api.w.org\/{rel}","templated":true}]}}