{"id":30011,"date":"2021-11-29T16:26:03","date_gmt":"2021-11-29T15:26:03","guid":{"rendered":"https:\/\/agora.xtec.cat\/ceip-santjordi-lleida\/?p=30011"},"modified":"2022-02-17T12:03:16","modified_gmt":"2022-02-17T11:03:16","slug":"conferencia-ser-en-llibertat","status":"publish","type":"post","link":"https:\/\/agora.xtec.cat\/ceip-santjordi-lleida\/portada\/conferencia-ser-en-llibertat\/","title":{"rendered":"CONFER\u00c8NCIA: Ser en llibertat"},"content":{"rendered":"<p>El passat dijous 25 de novembre, va venir a la nostra escola l&#8217;Eli S\u00e1nchez i la Pilar Leza, membres del col\u00b7lectiu <a href=\"https:\/\/www.facebook.com\/colorsdeponent\/?__cft__%5B0%5D=AZWUfMungqwTjz9DwIMGeCLAfFodO0e6VK7Wy_Y46acWTH3k1HhAkAxdeF0s-50A5mYa3W7E0L1SffskEcTVKbNSD_VACUNBjBBHnbdoqEZ2tcQnU7VhFCeToxMb5RIxUSCo0NFka7WyhQRYjjrrS9iB&amp;__tn__=kK-R\">Colors de Ponent<\/a> de Lleida.<\/p>\n<p>Colors de Ponent \u00e9s la primera associaci\u00f3 LGTBIQ+ a Lleida i desenvolupen accions d&#8217;acompanyament, socialitzaci\u00f3, reivindicaci\u00f3 i sensibilitzaci\u00f3 a trav\u00e9s d\u2019intervencions a mida per a joves, infants, fam\u00edlies, professionals i ciutadania en general; per tal que a la prov\u00edncia Lleida es pugui viure la diversitat de g\u00e8nere, sexual i afectiva amb total llibertat.<\/p>\n<p>En aquesta xerrada ens van oferir un espai de reflexi\u00f3 sobre diversitats sexual, de g\u00e8nere i familiars; socialitzaci\u00f3 diferencial i estereotips de g\u00e8nere; prevenci\u00f3 de les viol\u00e8ncies LGTBIQ-f\u00f2biques i recursos per a fam\u00edlies per entendre les diversitats dels nostres infants.<\/p>\n<p>Us deixem un parell de fotos i l&#8217;enregistrament del qu\u00e8 va ser la confer\u00e8ncia per tal que, qui no va poder venir, en gaudeixi on-line.<\/p>\n<p><a href=\"https:\/\/agora.xtec.cat\/ceip-santjordi-lleida\/wp-content\/uploads\/usu1393\/2021\/11\/IMG-5453-scaled.jpg\"><img loading=\"lazy\" decoding=\"async\" class=\"alignnone size-large wp-image-30012\" src=\"https:\/\/agora.xtec.cat\/ceip-santjordi-lleida\/wp-content\/uploads\/usu1393\/2021\/11\/IMG-5453-1024x768.jpg\" alt=\"\" width=\"1024\" height=\"768\" srcset=\"https:\/\/agora.xtec.cat\/ceip-santjordi-lleida\/wp-content\/uploads\/usu1393\/2021\/11\/IMG-5453-1024x768.jpg 1024w, https:\/\/agora.xtec.cat\/ceip-santjordi-lleida\/wp-content\/uploads\/usu1393\/2021\/11\/IMG-5453-300x225.jpg 300w, https:\/\/agora.xtec.cat\/ceip-santjordi-lleida\/wp-content\/uploads\/usu1393\/2021\/11\/IMG-5453-768x576.jpg 768w, https:\/\/agora.xtec.cat\/ceip-santjordi-lleida\/wp-content\/uploads\/usu1393\/2021\/11\/IMG-5453-1536x1152.jpg 1536w, https:\/\/agora.xtec.cat\/ceip-santjordi-lleida\/wp-content\/uploads\/usu1393\/2021\/11\/IMG-5453-2048x1536.jpg 2048w, https:\/\/agora.xtec.cat\/ceip-santjordi-lleida\/wp-content\/uploads\/usu1393\/2021\/11\/IMG-5453-200x150.jpg 200w\" sizes=\"auto, (max-width: 1024px) 100vw, 1024px\" \/><\/a><\/p>\n<p><iframe loading=\"lazy\" title=\"ser en llibertat\" width=\"500\" height=\"281\" src=\"https:\/\/www.youtube.com\/embed\/ryusHf5cvFQ?feature=oembed\" frameborder=\"0\" allow=\"accelerometer; autoplay; clipboard-write; encrypted-media; gyroscope; picture-in-picture; web-share\" referrerpolicy=\"strict-origin-when-cross-origin\" allowfullscreen><\/iframe><\/p>\n","protected":false},"excerpt":{"rendered":"<p>El passat dijous 25 de novembre, va venir a la nostra escola l&#8217;Eli S\u00e1nchez i la Pilar Leza, membres del col\u00b7lectiu <a href=\"https:\/\/www.facebook.com\/colorsdeponent\/?__cft__%5B0%5D=AZWUfMungqwTjz9DwIMGeCLAfFodO0e6VK7Wy_Y46acWTH3k1HhAkAxdeF0s-50A5mYa3W7E0L1SffskEcTVKbNSD_VACUNBjBBHnbdoqEZ2tcQnU7VhFCeToxMb5RIxUSCo0NFka7WyhQRYjjrrS9iB&amp;__tn__=kK-R\">Colors de Ponent<\/a> de Lleida.<br \/>\nColors de Ponent \u00e9s la primera associaci\u00f3 LGTBIQ+ a Lleida i desenvolupen accions d&#8217;acompanyament, socialitzaci\u00f3, reivindicaci\u00f3 i sensibilitzaci\u00f3 a&hellip;  <a href=\"https:\/\/agora.xtec.cat\/ceip-santjordi-lleida\/portada\/conferencia-ser-en-llibertat\/\" title=\"Read CONFER\u00c8NCIA: Ser en llibertat\">Llegeix m\u00e9s\u00bb<\/a><\/p>\n","protected":false},"author":5,"featured_media":30013,"comment_status":"open","ping_status":"closed","sticky":false,"template":"","format":"standard","meta":{"_bbp_topic_count":0,"_bbp_reply_count":0,"_bbp_total_topic_count":0,"_bbp_total_reply_count":0,"_bbp_voice_count":0,"_bbp_anonymous_reply_count":0,"_bbp_topic_count_hidden":0,"_bbp_reply_count_hidden":0,"_bbp_forum_subforum_count":0,"footnotes":""},"categories":[375,4],"tags":[381],"class_list":["post-30011","post","type-post","status-publish","format-standard","has-post-thumbnail","hentry","category-activitats-amb-les-families","category-portada","tag-conferencia"],"post_mailing_queue_ids":[],"_links":{"self":[{"href":"https:\/\/agora.xtec.cat\/ceip-santjordi-lleida\/wp-json\/wp\/v2\/posts\/30011","targetHints":{"allow":["GET"]}}],"collection":[{"href":"https:\/\/agora.xtec.cat\/ceip-santjordi-lleida\/wp-json\/wp\/v2\/posts"}],"about":[{"href":"https:\/\/agora.xtec.cat\/ceip-santjordi-lleida\/wp-json\/wp\/v2\/types\/post"}],"author":[{"embeddable":true,"href":"https:\/\/agora.xtec.cat\/ceip-santjordi-lleida\/wp-json\/wp\/v2\/users\/5"}],"replies":[{"embeddable":true,"href":"https:\/\/agora.xtec.cat\/ceip-santjordi-lleida\/wp-json\/wp\/v2\/comments?post=30011"}],"version-history":[{"count":1,"href":"https:\/\/agora.xtec.cat\/ceip-santjordi-lleida\/wp-json\/wp\/v2\/posts\/30011\/revisions"}],"predecessor-version":[{"id":30014,"href":"https:\/\/agora.xtec.cat\/ceip-santjordi-lleida\/wp-json\/wp\/v2\/posts\/30011\/revisions\/30014"}],"wp:featuredmedia":[{"embeddable":true,"href":"https:\/\/agora.xtec.cat\/ceip-santjordi-lleida\/wp-json\/wp\/v2\/media\/30013"}],"wp:attachment":[{"href":"https:\/\/agora.xtec.cat\/ceip-santjordi-lleida\/wp-json\/wp\/v2\/media?parent=30011"}],"wp:term":[{"taxonomy":"category","embeddable":true,"href":"https:\/\/agora.xtec.cat\/ceip-santjordi-lleida\/wp-json\/wp\/v2\/categories?post=30011"},{"taxonomy":"post_tag","embeddable":true,"href":"https:\/\/agora.xtec.cat\/ceip-santjordi-lleida\/wp-json\/wp\/v2\/tags?post=30011"}],"curies":[{"name":"wp","href":"https:\/\/api.w.org\/{rel}","templated":true}]}}