{"id":29830,"date":"2021-11-02T16:34:47","date_gmt":"2021-11-02T15:34:47","guid":{"rendered":"https:\/\/agora.xtec.cat\/ceip-santjordi-lleida\/?p=29830"},"modified":"2021-11-08T19:17:32","modified_gmt":"2021-11-08T18:17:32","slug":"audicio-veus-i-ritmes-de-lorient","status":"publish","type":"post","link":"https:\/\/agora.xtec.cat\/ceip-santjordi-lleida\/portada\/audicio-veus-i-ritmes-de-lorient\/","title":{"rendered":"AUDICI\u00d3: Veus i ritmes de l&#8217;orient"},"content":{"rendered":"<p>Avui els nens i nenes de CS ens n&#8217;hem anat a fer un taller al Caixaf\u00f2rum ple de ritmes i can\u00e7ons de l&#8217;est, de l&#8217;orient.<\/p>\n<p>Hem apr\u00e8s que l&#8217;est, pot ser molt relatuiu, depenent del punt geogr\u00e0fic del planeta on estiguis, per aquest motiu les can\u00e7ons apreses han estat d&#8217;estils molt diversos.<\/p>\n<p>Us deixem una petita mostra.<\/p>\n<ul>\n<li>Martuixa:<\/li>\n<\/ul>\n<p><iframe loading=\"lazy\" title=\"Matuxa 5e\" width=\"500\" height=\"281\" src=\"https:\/\/www.youtube.com\/embed\/svf8vbREyKY?feature=oembed\" frameborder=\"0\" allow=\"accelerometer; autoplay; clipboard-write; encrypted-media; gyroscope; picture-in-picture; web-share\" referrerpolicy=\"strict-origin-when-cross-origin\" allowfullscreen><\/iframe><\/p>\n<p>https:\/\/www.youtube.com\/watch?v=cfJko8Kqh6Q<\/p>\n<ul>\n<li>Dodili<\/li>\n<\/ul>\n<p>&nbsp;<\/p>\n<p>Un exemple d&#8217;un cor infantil cantant-la:<\/p>\n<p><iframe loading=\"lazy\" title=\"Dodi li  - Corso &#039;A scuola di coro 2017 &#039; dirige il Maestro Basilio Astulez\" width=\"500\" height=\"281\" src=\"https:\/\/www.youtube.com\/embed\/LOEOXadCxhI?feature=oembed\" frameborder=\"0\" allow=\"accelerometer; autoplay; clipboard-write; encrypted-media; gyroscope; picture-in-picture; web-share\" referrerpolicy=\"strict-origin-when-cross-origin\" allowfullscreen><\/iframe><\/p>\n<ul>\n<li>Se se<\/li>\n<\/ul>\n<p>https:\/\/www.youtube.com\/watch?v=SM0I974GdyQ<\/p>\n","protected":false},"excerpt":{"rendered":"<p>Avui els nens i nenes de CS ens n&#8217;hem anat a fer un taller al Caixaf\u00f2rum ple de ritmes i can\u00e7ons de l&#8217;est, de l&#8217;orient.<br \/>\nHem apr\u00e8s que l&#8217;est, pot ser molt relatuiu, depenent del punt geogr\u00e0fic del planeta on estiguis, per aquest motiu les can\u00e7ons&hellip;  <a href=\"https:\/\/agora.xtec.cat\/ceip-santjordi-lleida\/portada\/audicio-veus-i-ritmes-de-lorient\/\" title=\"Read AUDICI\u00d3: Veus i ritmes de l&#8217;orient\">Llegeix m\u00e9s\u00bb<\/a><\/p>\n","protected":false},"author":5,"featured_media":29831,"comment_status":"open","ping_status":"closed","sticky":false,"template":"","format":"standard","meta":{"_bbp_topic_count":0,"_bbp_reply_count":0,"_bbp_total_topic_count":0,"_bbp_total_reply_count":0,"_bbp_voice_count":0,"_bbp_anonymous_reply_count":0,"_bbp_topic_count_hidden":0,"_bbp_reply_count_hidden":0,"_bbp_forum_subforum_count":0,"footnotes":""},"categories":[14,15,320,4,5,326],"tags":[348,400],"class_list":["post-29830","post","type-post","status-publish","format-standard","has-post-thumbnail","hentry","category-5e","category-6e","category-musica","category-portada","category-primaria","category-sortides","tag-canco","tag-ritme"],"post_mailing_queue_ids":[],"_links":{"self":[{"href":"https:\/\/agora.xtec.cat\/ceip-santjordi-lleida\/wp-json\/wp\/v2\/posts\/29830","targetHints":{"allow":["GET"]}}],"collection":[{"href":"https:\/\/agora.xtec.cat\/ceip-santjordi-lleida\/wp-json\/wp\/v2\/posts"}],"about":[{"href":"https:\/\/agora.xtec.cat\/ceip-santjordi-lleida\/wp-json\/wp\/v2\/types\/post"}],"author":[{"embeddable":true,"href":"https:\/\/agora.xtec.cat\/ceip-santjordi-lleida\/wp-json\/wp\/v2\/users\/5"}],"replies":[{"embeddable":true,"href":"https:\/\/agora.xtec.cat\/ceip-santjordi-lleida\/wp-json\/wp\/v2\/comments?post=29830"}],"version-history":[{"count":2,"href":"https:\/\/agora.xtec.cat\/ceip-santjordi-lleida\/wp-json\/wp\/v2\/posts\/29830\/revisions"}],"predecessor-version":[{"id":29868,"href":"https:\/\/agora.xtec.cat\/ceip-santjordi-lleida\/wp-json\/wp\/v2\/posts\/29830\/revisions\/29868"}],"wp:featuredmedia":[{"embeddable":true,"href":"https:\/\/agora.xtec.cat\/ceip-santjordi-lleida\/wp-json\/wp\/v2\/media\/29831"}],"wp:attachment":[{"href":"https:\/\/agora.xtec.cat\/ceip-santjordi-lleida\/wp-json\/wp\/v2\/media?parent=29830"}],"wp:term":[{"taxonomy":"category","embeddable":true,"href":"https:\/\/agora.xtec.cat\/ceip-santjordi-lleida\/wp-json\/wp\/v2\/categories?post=29830"},{"taxonomy":"post_tag","embeddable":true,"href":"https:\/\/agora.xtec.cat\/ceip-santjordi-lleida\/wp-json\/wp\/v2\/tags?post=29830"}],"curies":[{"name":"wp","href":"https:\/\/api.w.org\/{rel}","templated":true}]}}