{"id":29781,"date":"2021-10-27T10:24:53","date_gmt":"2021-10-27T08:24:53","guid":{"rendered":"https:\/\/agora.xtec.cat\/ceip-santjordi-lleida\/?p=29781"},"modified":"2021-10-27T12:12:48","modified_gmt":"2021-10-27T10:12:48","slug":"dansa-assaig-sardana-a-6e","status":"publish","type":"post","link":"https:\/\/agora.xtec.cat\/ceip-santjordi-lleida\/portada\/dansa-assaig-sardana-a-6e\/","title":{"rendered":"DANSA: Assaig sardana a 6\u00e8"},"content":{"rendered":"<p>Aquesta setmana celebrem la festa de la tardor, i un dels actes que s&#8217;hi inclouen \u00e9s una ballada de danses per part de tota l&#8217;escola. Els nens i nenes de Cs hem estat treballant una dansa ben especial, la sardana tal i com la ballem avui en dia en places, carrers i avingudes.<\/p>\n<p>Hem apr\u00e8s a fer els curts, els llargs i un dels passos de tancament: el dos. A m\u00e9s a m\u00e9s al mig de la dansa hi hem ficat un punt lliure.<\/p>\n<p>A l&#8217;aula l&#8217;hem ballat amb grups redu\u00efts per tal de fer un treball co-avaluatiu i auto-avaluatiu m\u00e9s concret. El resultat&#8230; aquest:<\/p>\n<p>https:\/\/www.youtube.com\/watch?v=iQDHzW6CwSE<\/p>\n<p>&nbsp;<\/p>\n","protected":false},"excerpt":{"rendered":"<p>Aquesta setmana celebrem la festa de la tardor, i un dels actes que s&#8217;hi inclouen \u00e9s una ballada de danses per part de tota l&#8217;escola. Els nens i nenes de Cs hem estat treballant una dansa ben especial, la sardana tal i com la ballem&hellip;  <a href=\"https:\/\/agora.xtec.cat\/ceip-santjordi-lleida\/portada\/dansa-assaig-sardana-a-6e\/\" title=\"Read DANSA: Assaig sardana a 6\u00e8\">Llegeix m\u00e9s\u00bb<\/a><\/p>\n","protected":false},"author":5,"featured_media":29782,"comment_status":"open","ping_status":"closed","sticky":false,"template":"","format":"standard","meta":{"_bbp_topic_count":0,"_bbp_reply_count":0,"_bbp_total_topic_count":0,"_bbp_total_reply_count":0,"_bbp_voice_count":0,"_bbp_anonymous_reply_count":0,"_bbp_topic_count_hidden":0,"_bbp_reply_count_hidden":0,"_bbp_forum_subforum_count":0,"footnotes":""},"categories":[15,320,4,5],"tags":[359],"class_list":["post-29781","post","type-post","status-publish","format-standard","has-post-thumbnail","hentry","category-6e","category-musica","category-portada","category-primaria","tag-dansa"],"post_mailing_queue_ids":[],"_links":{"self":[{"href":"https:\/\/agora.xtec.cat\/ceip-santjordi-lleida\/wp-json\/wp\/v2\/posts\/29781","targetHints":{"allow":["GET"]}}],"collection":[{"href":"https:\/\/agora.xtec.cat\/ceip-santjordi-lleida\/wp-json\/wp\/v2\/posts"}],"about":[{"href":"https:\/\/agora.xtec.cat\/ceip-santjordi-lleida\/wp-json\/wp\/v2\/types\/post"}],"author":[{"embeddable":true,"href":"https:\/\/agora.xtec.cat\/ceip-santjordi-lleida\/wp-json\/wp\/v2\/users\/5"}],"replies":[{"embeddable":true,"href":"https:\/\/agora.xtec.cat\/ceip-santjordi-lleida\/wp-json\/wp\/v2\/comments?post=29781"}],"version-history":[{"count":2,"href":"https:\/\/agora.xtec.cat\/ceip-santjordi-lleida\/wp-json\/wp\/v2\/posts\/29781\/revisions"}],"predecessor-version":[{"id":29801,"href":"https:\/\/agora.xtec.cat\/ceip-santjordi-lleida\/wp-json\/wp\/v2\/posts\/29781\/revisions\/29801"}],"wp:featuredmedia":[{"embeddable":true,"href":"https:\/\/agora.xtec.cat\/ceip-santjordi-lleida\/wp-json\/wp\/v2\/media\/29782"}],"wp:attachment":[{"href":"https:\/\/agora.xtec.cat\/ceip-santjordi-lleida\/wp-json\/wp\/v2\/media?parent=29781"}],"wp:term":[{"taxonomy":"category","embeddable":true,"href":"https:\/\/agora.xtec.cat\/ceip-santjordi-lleida\/wp-json\/wp\/v2\/categories?post=29781"},{"taxonomy":"post_tag","embeddable":true,"href":"https:\/\/agora.xtec.cat\/ceip-santjordi-lleida\/wp-json\/wp\/v2\/tags?post=29781"}],"curies":[{"name":"wp","href":"https:\/\/api.w.org\/{rel}","templated":true}]}}