{"id":29771,"date":"2021-10-24T18:34:01","date_gmt":"2021-10-24T16:34:01","guid":{"rendered":"https:\/\/agora.xtec.cat\/ceip-santjordi-lleida\/?p=29771"},"modified":"2021-10-24T18:34:01","modified_gmt":"2021-10-24T16:34:01","slug":"ritme-i-moviment-6e","status":"publish","type":"post","link":"https:\/\/agora.xtec.cat\/ceip-santjordi-lleida\/portada\/ritme-i-moviment-6e\/","title":{"rendered":"RITME I MOVIMENT 6\u00e8"},"content":{"rendered":"<p>Els nens i nenes de 6\u00e8, durant aquest inici de trimestre, hem recordat els ritmes que fins el curs passat hem anat consolidat. Amb aquest exercici fem un treball espacial de despla\u00e7ament, de pulsaci\u00f3 i de dissociaci\u00f3, ja que a l&#8217;entrar als cercles grans percudim amb les mans una corxera seguida de dues semicorxeres, als mitjans dues semicorxeres seguida d&#8217;una corxera, i als petits quatre semicorxeres. El resultat n&#8217;\u00e9s aquest.<\/p>\n<p>https:\/\/www.youtube.com\/watch?v=apAacbnxtNo<\/p>\n<p><iframe loading=\"lazy\" title=\"6e B moviment cercles\" width=\"500\" height=\"281\" src=\"https:\/\/www.youtube.com\/embed\/XADKV4xT9gk?feature=oembed\" frameborder=\"0\" allow=\"accelerometer; autoplay; clipboard-write; encrypted-media; gyroscope; picture-in-picture; web-share\" referrerpolicy=\"strict-origin-when-cross-origin\" allowfullscreen><\/iframe><\/p>\n<p>&nbsp;<\/p>\n","protected":false},"excerpt":{"rendered":"<p>Els nens i nenes de 6\u00e8, durant aquest inici de trimestre, hem recordat els ritmes que fins el curs passat hem anat consolidat. Amb aquest exercici fem un treball espacial de despla\u00e7ament, de pulsaci\u00f3 i de dissociaci\u00f3, ja que a l&#8217;entrar als cercles grans percudim&hellip;  <a href=\"https:\/\/agora.xtec.cat\/ceip-santjordi-lleida\/portada\/ritme-i-moviment-6e\/\" title=\"Read RITME I MOVIMENT 6\u00e8\">Llegeix m\u00e9s\u00bb<\/a><\/p>\n","protected":false},"author":5,"featured_media":29772,"comment_status":"open","ping_status":"closed","sticky":false,"template":"","format":"standard","meta":{"_bbp_topic_count":0,"_bbp_reply_count":0,"_bbp_total_topic_count":0,"_bbp_total_reply_count":0,"_bbp_voice_count":0,"_bbp_anonymous_reply_count":0,"_bbp_topic_count_hidden":0,"_bbp_reply_count_hidden":0,"_bbp_forum_subforum_count":0,"footnotes":""},"categories":[15,320,4,5],"tags":[357,400],"class_list":["post-29771","post","type-post","status-publish","format-standard","has-post-thumbnail","hentry","category-6e","category-musica","category-portada","category-primaria","tag-moviment","tag-ritme"],"post_mailing_queue_ids":[],"_links":{"self":[{"href":"https:\/\/agora.xtec.cat\/ceip-santjordi-lleida\/wp-json\/wp\/v2\/posts\/29771","targetHints":{"allow":["GET"]}}],"collection":[{"href":"https:\/\/agora.xtec.cat\/ceip-santjordi-lleida\/wp-json\/wp\/v2\/posts"}],"about":[{"href":"https:\/\/agora.xtec.cat\/ceip-santjordi-lleida\/wp-json\/wp\/v2\/types\/post"}],"author":[{"embeddable":true,"href":"https:\/\/agora.xtec.cat\/ceip-santjordi-lleida\/wp-json\/wp\/v2\/users\/5"}],"replies":[{"embeddable":true,"href":"https:\/\/agora.xtec.cat\/ceip-santjordi-lleida\/wp-json\/wp\/v2\/comments?post=29771"}],"version-history":[{"count":1,"href":"https:\/\/agora.xtec.cat\/ceip-santjordi-lleida\/wp-json\/wp\/v2\/posts\/29771\/revisions"}],"predecessor-version":[{"id":29773,"href":"https:\/\/agora.xtec.cat\/ceip-santjordi-lleida\/wp-json\/wp\/v2\/posts\/29771\/revisions\/29773"}],"wp:featuredmedia":[{"embeddable":true,"href":"https:\/\/agora.xtec.cat\/ceip-santjordi-lleida\/wp-json\/wp\/v2\/media\/29772"}],"wp:attachment":[{"href":"https:\/\/agora.xtec.cat\/ceip-santjordi-lleida\/wp-json\/wp\/v2\/media?parent=29771"}],"wp:term":[{"taxonomy":"category","embeddable":true,"href":"https:\/\/agora.xtec.cat\/ceip-santjordi-lleida\/wp-json\/wp\/v2\/categories?post=29771"},{"taxonomy":"post_tag","embeddable":true,"href":"https:\/\/agora.xtec.cat\/ceip-santjordi-lleida\/wp-json\/wp\/v2\/tags?post=29771"}],"curies":[{"name":"wp","href":"https:\/\/api.w.org\/{rel}","templated":true}]}}