{"id":29768,"date":"2021-10-24T18:29:27","date_gmt":"2021-10-24T16:29:27","guid":{"rendered":"https:\/\/agora.xtec.cat\/ceip-santjordi-lleida\/?p=29768"},"modified":"2021-10-24T18:29:27","modified_gmt":"2021-10-24T16:29:27","slug":"ritme-i-moviment-4","status":"publish","type":"post","link":"https:\/\/agora.xtec.cat\/ceip-santjordi-lleida\/portada\/ritme-i-moviment-4\/","title":{"rendered":"RITME I MOVIMENT"},"content":{"rendered":"<p>Els nens i nenes de 4t, durant aquest inici de trimestre, hem recordat els ritmes b\u00e0sics que fins el curs passat hem anat consolidat. Amb aquest exercici fem un treball espacial de despla\u00e7ament, de pulsaci\u00f3 i de dissociaci\u00f3, ja que a l&#8217;entrar als cercles grans percudim amb les mans una negra, als mitjans dues corxeres, i als petits quatre semicorxeres. El resultat n&#8217;\u00e9s aquest.<\/p>\n<p><iframe loading=\"lazy\" title=\"4t A moviment cercles\" width=\"500\" height=\"281\" src=\"https:\/\/www.youtube.com\/embed\/S8goE_AgP7A?feature=oembed\" frameborder=\"0\" allow=\"accelerometer; autoplay; clipboard-write; encrypted-media; gyroscope; picture-in-picture; web-share\" referrerpolicy=\"strict-origin-when-cross-origin\" allowfullscreen><\/iframe><\/p>\n<p><iframe loading=\"lazy\" title=\"4t B moviment cercles\" width=\"500\" height=\"281\" src=\"https:\/\/www.youtube.com\/embed\/0C0UQojJYTQ?start=19&#038;feature=oembed\" frameborder=\"0\" allow=\"accelerometer; autoplay; clipboard-write; encrypted-media; gyroscope; picture-in-picture; web-share\" referrerpolicy=\"strict-origin-when-cross-origin\" allowfullscreen><\/iframe><\/p>\n<p>&nbsp;<\/p>\n","protected":false},"excerpt":{"rendered":"<p>Els nens i nenes de 4t, durant aquest inici de trimestre, hem recordat els ritmes b\u00e0sics que fins el curs passat hem anat consolidat. Amb aquest exercici fem un treball espacial de despla\u00e7ament, de pulsaci\u00f3 i de dissociaci\u00f3, ja que a l&#8217;entrar als cercles grans&hellip;  <a href=\"https:\/\/agora.xtec.cat\/ceip-santjordi-lleida\/portada\/ritme-i-moviment-4\/\" title=\"Read RITME I MOVIMENT\">Llegeix m\u00e9s\u00bb<\/a><\/p>\n","protected":false},"author":5,"featured_media":29769,"comment_status":"open","ping_status":"closed","sticky":false,"template":"","format":"standard","meta":{"_bbp_topic_count":0,"_bbp_reply_count":0,"_bbp_total_topic_count":0,"_bbp_total_reply_count":0,"_bbp_voice_count":0,"_bbp_anonymous_reply_count":0,"_bbp_topic_count_hidden":0,"_bbp_reply_count_hidden":0,"_bbp_forum_subforum_count":0,"footnotes":""},"categories":[13,320,4,5],"tags":[357,400],"class_list":["post-29768","post","type-post","status-publish","format-standard","has-post-thumbnail","hentry","category-4t","category-musica","category-portada","category-primaria","tag-moviment","tag-ritme"],"post_mailing_queue_ids":[],"_links":{"self":[{"href":"https:\/\/agora.xtec.cat\/ceip-santjordi-lleida\/wp-json\/wp\/v2\/posts\/29768","targetHints":{"allow":["GET"]}}],"collection":[{"href":"https:\/\/agora.xtec.cat\/ceip-santjordi-lleida\/wp-json\/wp\/v2\/posts"}],"about":[{"href":"https:\/\/agora.xtec.cat\/ceip-santjordi-lleida\/wp-json\/wp\/v2\/types\/post"}],"author":[{"embeddable":true,"href":"https:\/\/agora.xtec.cat\/ceip-santjordi-lleida\/wp-json\/wp\/v2\/users\/5"}],"replies":[{"embeddable":true,"href":"https:\/\/agora.xtec.cat\/ceip-santjordi-lleida\/wp-json\/wp\/v2\/comments?post=29768"}],"version-history":[{"count":1,"href":"https:\/\/agora.xtec.cat\/ceip-santjordi-lleida\/wp-json\/wp\/v2\/posts\/29768\/revisions"}],"predecessor-version":[{"id":29770,"href":"https:\/\/agora.xtec.cat\/ceip-santjordi-lleida\/wp-json\/wp\/v2\/posts\/29768\/revisions\/29770"}],"wp:featuredmedia":[{"embeddable":true,"href":"https:\/\/agora.xtec.cat\/ceip-santjordi-lleida\/wp-json\/wp\/v2\/media\/29769"}],"wp:attachment":[{"href":"https:\/\/agora.xtec.cat\/ceip-santjordi-lleida\/wp-json\/wp\/v2\/media?parent=29768"}],"wp:term":[{"taxonomy":"category","embeddable":true,"href":"https:\/\/agora.xtec.cat\/ceip-santjordi-lleida\/wp-json\/wp\/v2\/categories?post=29768"},{"taxonomy":"post_tag","embeddable":true,"href":"https:\/\/agora.xtec.cat\/ceip-santjordi-lleida\/wp-json\/wp\/v2\/tags?post=29768"}],"curies":[{"name":"wp","href":"https:\/\/api.w.org\/{rel}","templated":true}]}}