{"id":29759,"date":"2021-10-24T18:13:47","date_gmt":"2021-10-24T16:13:47","guid":{"rendered":"https:\/\/agora.xtec.cat\/ceip-santjordi-lleida\/?p=29759"},"modified":"2021-10-24T18:13:47","modified_gmt":"2021-10-24T16:13:47","slug":"canco-magrada-la-tardor","status":"publish","type":"post","link":"https:\/\/agora.xtec.cat\/ceip-santjordi-lleida\/infantil\/canco-magrada-la-tardor\/","title":{"rendered":"CAN\u00c7\u00d3: M&#8217;agrada la tardor"},"content":{"rendered":"<p>Amb aquesta can\u00e7\u00f3, a m\u00e9s a m\u00e9s de cantar-la i de recon\u00e8ixer-ne les frases, hem fet un treball espacial, r\u00edtmic&#8230; us en deixem un tastet.<\/p>\n<p>GRUP BLAU:<\/p>\n<p><iframe loading=\"lazy\" title=\"M\u2019agrada tardor infantil blau\" width=\"500\" height=\"281\" src=\"https:\/\/www.youtube.com\/embed\/b3KdpiqhF3I?feature=oembed\" frameborder=\"0\" allow=\"accelerometer; autoplay; clipboard-write; encrypted-media; gyroscope; picture-in-picture; web-share\" referrerpolicy=\"strict-origin-when-cross-origin\" allowfullscreen><\/iframe><\/p>\n<p>GRUP GROC:<\/p>\n<p><iframe loading=\"lazy\" title=\"M\u2019agrada tardor infantil groc\" width=\"500\" height=\"281\" src=\"https:\/\/www.youtube.com\/embed\/5eHw7r_3vTk?feature=oembed\" frameborder=\"0\" allow=\"accelerometer; autoplay; clipboard-write; encrypted-media; gyroscope; picture-in-picture; web-share\" referrerpolicy=\"strict-origin-when-cross-origin\" allowfullscreen><\/iframe><\/p>\n<p>GRUP TARONJA:<\/p>\n<p><iframe loading=\"lazy\" title=\"M\u2019agrada tardor infantil taronja\" width=\"500\" height=\"281\" src=\"https:\/\/www.youtube.com\/embed\/i88opWc2Nnk?feature=oembed\" frameborder=\"0\" allow=\"accelerometer; autoplay; clipboard-write; encrypted-media; gyroscope; picture-in-picture; web-share\" referrerpolicy=\"strict-origin-when-cross-origin\" allowfullscreen><\/iframe><\/p>\n<p>GRUP VERD:<\/p>\n<p><iframe loading=\"lazy\" title=\"M\u2019agrada tardor infantil verd\" width=\"500\" height=\"281\" src=\"https:\/\/www.youtube.com\/embed\/S8rbIihbuxk?feature=oembed\" frameborder=\"0\" allow=\"accelerometer; autoplay; clipboard-write; encrypted-media; gyroscope; picture-in-picture; web-share\" referrerpolicy=\"strict-origin-when-cross-origin\" allowfullscreen><\/iframe><\/p>\n","protected":false},"excerpt":{"rendered":"<p>Amb aquesta can\u00e7\u00f3, a m\u00e9s a m\u00e9s de cantar-la i de recon\u00e8ixer-ne les frases, hem fet un treball espacial, r\u00edtmic&#8230; us en deixem un tastet.<br \/>\nGRUP BLAU:<\/p>\n<p>GRUP GROC:<\/p>\n<p>GRUP TARONJA:<\/p>\n<p>GRUP VERD:<\/p>\n","protected":false},"author":5,"featured_media":29760,"comment_status":"open","ping_status":"closed","sticky":false,"template":"","format":"standard","meta":{"_bbp_topic_count":0,"_bbp_reply_count":0,"_bbp_total_topic_count":0,"_bbp_total_reply_count":0,"_bbp_voice_count":0,"_bbp_anonymous_reply_count":0,"_bbp_topic_count_hidden":0,"_bbp_reply_count_hidden":0,"_bbp_forum_subforum_count":0,"footnotes":""},"categories":[3,8,9,2,320,4],"tags":[350,348,357],"class_list":["post-29759","post","type-post","status-publish","format-standard","has-post-thumbnail","hentry","category-blava","category-groga","category-verda","category-infantil","category-musica","category-portada","tag-audicio","tag-canco","tag-moviment"],"post_mailing_queue_ids":[],"_links":{"self":[{"href":"https:\/\/agora.xtec.cat\/ceip-santjordi-lleida\/wp-json\/wp\/v2\/posts\/29759","targetHints":{"allow":["GET"]}}],"collection":[{"href":"https:\/\/agora.xtec.cat\/ceip-santjordi-lleida\/wp-json\/wp\/v2\/posts"}],"about":[{"href":"https:\/\/agora.xtec.cat\/ceip-santjordi-lleida\/wp-json\/wp\/v2\/types\/post"}],"author":[{"embeddable":true,"href":"https:\/\/agora.xtec.cat\/ceip-santjordi-lleida\/wp-json\/wp\/v2\/users\/5"}],"replies":[{"embeddable":true,"href":"https:\/\/agora.xtec.cat\/ceip-santjordi-lleida\/wp-json\/wp\/v2\/comments?post=29759"}],"version-history":[{"count":1,"href":"https:\/\/agora.xtec.cat\/ceip-santjordi-lleida\/wp-json\/wp\/v2\/posts\/29759\/revisions"}],"predecessor-version":[{"id":29761,"href":"https:\/\/agora.xtec.cat\/ceip-santjordi-lleida\/wp-json\/wp\/v2\/posts\/29759\/revisions\/29761"}],"wp:featuredmedia":[{"embeddable":true,"href":"https:\/\/agora.xtec.cat\/ceip-santjordi-lleida\/wp-json\/wp\/v2\/media\/29760"}],"wp:attachment":[{"href":"https:\/\/agora.xtec.cat\/ceip-santjordi-lleida\/wp-json\/wp\/v2\/media?parent=29759"}],"wp:term":[{"taxonomy":"category","embeddable":true,"href":"https:\/\/agora.xtec.cat\/ceip-santjordi-lleida\/wp-json\/wp\/v2\/categories?post=29759"},{"taxonomy":"post_tag","embeddable":true,"href":"https:\/\/agora.xtec.cat\/ceip-santjordi-lleida\/wp-json\/wp\/v2\/tags?post=29759"}],"curies":[{"name":"wp","href":"https:\/\/api.w.org\/{rel}","templated":true}]}}