{"id":29744,"date":"2021-10-19T16:20:55","date_gmt":"2021-10-19T14:20:55","guid":{"rendered":"https:\/\/agora.xtec.cat\/ceip-santjordi-lleida\/?p=29744"},"modified":"2021-10-25T10:45:55","modified_gmt":"2021-10-25T08:45:55","slug":"taller-veus-i-ritmes-dafrica","status":"publish","type":"post","link":"https:\/\/agora.xtec.cat\/ceip-santjordi-lleida\/portada\/taller-veus-i-ritmes-dafrica\/","title":{"rendered":"TALLER: Veus i ritmes d&#8217;\u00c0frica"},"content":{"rendered":"<p>Avui 19 d&#8217;octubre, els nens i nenes de 3r, hem anat al Caixaf\u00f2rum a gaudir d&#8217;un taller ple de m\u00fasiques, ritmes i can\u00e7ons africanes.Durant aquests dies, a l&#8217;aula de m\u00fasica, reprendrem alguna de les propostes que en David ens ha fet i recordarem alguna de les can\u00e7ons que hem cantat.<\/p>\n<p>LES NOSTRES SENSACIONS HAN ESTAT:<\/p>\n<ul>\n<li>Amb energia<\/li>\n<li>S\u00faper b\u00e9<\/li>\n<li>Moltes ganes<\/li>\n<li>Contenta, esverada.<\/li>\n<li>Alegre<\/li>\n<li>Molt content per aprendre noves can\u00e7ons<\/li>\n<li>Molt agradable<\/li>\n<li>Genial<\/li>\n<li>Divertit<\/li>\n<li>Orgull\u00f3s<\/li>\n<li>Feli\u00e7<\/li>\n<li>Com si tingu\u00e9s la m\u00fasica per dins el cos<\/li>\n<\/ul>\n<p>De moment us deixem un parell de v\u00eddeos del nostre taller.<\/p>\n<p>ZIMBOLE:<\/p>\n<p><iframe loading=\"lazy\" title=\"Zimbole\" width=\"500\" height=\"281\" src=\"https:\/\/www.youtube.com\/embed\/3VggdiSWpDE?feature=oembed\" frameborder=\"0\" allow=\"accelerometer; autoplay; clipboard-write; encrypted-media; gyroscope; picture-in-picture; web-share\" referrerpolicy=\"strict-origin-when-cross-origin\" allowfullscreen><\/iframe><\/p>\n<p>SI MA MA CA:<\/p>\n<p><iframe loading=\"lazy\" title=\"Si mamaca\" width=\"500\" height=\"281\" src=\"https:\/\/www.youtube.com\/embed\/6ME0_guy8jI?feature=oembed\" frameborder=\"0\" allow=\"accelerometer; autoplay; clipboard-write; encrypted-media; gyroscope; picture-in-picture; web-share\" referrerpolicy=\"strict-origin-when-cross-origin\" allowfullscreen><\/iframe><\/p>\n<p>&nbsp;<\/p>\n","protected":false},"excerpt":{"rendered":"<p>Avui 19 d&#8217;octubre, els nens i nenes de 3r, hem anat al Caixaf\u00f2rum a gaudir d&#8217;un taller ple de m\u00fasiques, ritmes i can\u00e7ons africanes.Durant aquests dies, a l&#8217;aula de m\u00fasica, reprendrem alguna de les propostes que en David ens ha fet i recordarem alguna de&hellip;  <a href=\"https:\/\/agora.xtec.cat\/ceip-santjordi-lleida\/portada\/taller-veus-i-ritmes-dafrica\/\" title=\"Read TALLER: Veus i ritmes d&#8217;\u00c0frica\">Llegeix m\u00e9s\u00bb<\/a><\/p>\n","protected":false},"author":5,"featured_media":29745,"comment_status":"open","ping_status":"closed","sticky":false,"template":"","format":"standard","meta":{"_bbp_topic_count":0,"_bbp_reply_count":0,"_bbp_total_topic_count":0,"_bbp_total_reply_count":0,"_bbp_voice_count":0,"_bbp_anonymous_reply_count":0,"_bbp_topic_count_hidden":0,"_bbp_reply_count_hidden":0,"_bbp_forum_subforum_count":0,"footnotes":""},"categories":[12,320,4,5],"tags":[348,357,412],"class_list":["post-29744","post","type-post","status-publish","format-standard","has-post-thumbnail","hentry","category-3r","category-musica","category-portada","category-primaria","tag-canco","tag-moviment","tag-taller"],"post_mailing_queue_ids":[],"_links":{"self":[{"href":"https:\/\/agora.xtec.cat\/ceip-santjordi-lleida\/wp-json\/wp\/v2\/posts\/29744","targetHints":{"allow":["GET"]}}],"collection":[{"href":"https:\/\/agora.xtec.cat\/ceip-santjordi-lleida\/wp-json\/wp\/v2\/posts"}],"about":[{"href":"https:\/\/agora.xtec.cat\/ceip-santjordi-lleida\/wp-json\/wp\/v2\/types\/post"}],"author":[{"embeddable":true,"href":"https:\/\/agora.xtec.cat\/ceip-santjordi-lleida\/wp-json\/wp\/v2\/users\/5"}],"replies":[{"embeddable":true,"href":"https:\/\/agora.xtec.cat\/ceip-santjordi-lleida\/wp-json\/wp\/v2\/comments?post=29744"}],"version-history":[{"count":2,"href":"https:\/\/agora.xtec.cat\/ceip-santjordi-lleida\/wp-json\/wp\/v2\/posts\/29744\/revisions"}],"predecessor-version":[{"id":29780,"href":"https:\/\/agora.xtec.cat\/ceip-santjordi-lleida\/wp-json\/wp\/v2\/posts\/29744\/revisions\/29780"}],"wp:featuredmedia":[{"embeddable":true,"href":"https:\/\/agora.xtec.cat\/ceip-santjordi-lleida\/wp-json\/wp\/v2\/media\/29745"}],"wp:attachment":[{"href":"https:\/\/agora.xtec.cat\/ceip-santjordi-lleida\/wp-json\/wp\/v2\/media?parent=29744"}],"wp:term":[{"taxonomy":"category","embeddable":true,"href":"https:\/\/agora.xtec.cat\/ceip-santjordi-lleida\/wp-json\/wp\/v2\/categories?post=29744"},{"taxonomy":"post_tag","embeddable":true,"href":"https:\/\/agora.xtec.cat\/ceip-santjordi-lleida\/wp-json\/wp\/v2\/tags?post=29744"}],"curies":[{"name":"wp","href":"https:\/\/api.w.org\/{rel}","templated":true}]}}