{"id":29737,"date":"2021-10-15T13:50:47","date_gmt":"2021-10-15T11:50:47","guid":{"rendered":"https:\/\/agora.xtec.cat\/ceip-santjordi-lleida\/?p=29737"},"modified":"2021-10-15T14:01:19","modified_gmt":"2021-10-15T12:01:19","slug":"el-cicle-mitja-a-lespluga-de-francoli","status":"publish","type":"post","link":"https:\/\/agora.xtec.cat\/ceip-santjordi-lleida\/portada\/el-cicle-mitja-a-lespluga-de-francoli\/","title":{"rendered":"El Cicle Mitj\u00e0 a l&#8217;Espluga de Francol\u00ed"},"content":{"rendered":"<p>Aquest dilluns 11 d&#8217;octubre, el CM de l&#8217;escola va anar a estudiar la prehist\u00f2ria a l&#8217;Espluga.<\/p>\n<p>All\u00ed vam poder veure on i com vivia, qu\u00e8 menjava, com es vestia i el qu\u00e8 feia l&#8217;home primitiu.<\/p>\n<p>Tamb\u00e9 vam gravar i pintar imitant l&#8217;art rupestre.<\/p>\n<p>Al Museu de la Vida Rural vam recordar oficis i vam fer hip\u00f2tesi sobre els oficis del futur.<\/p>\n<p>Una sortida agradable plena de nous aprenentatges<\/p>\n<p><em>Per veure&#8217;n m\u00e9s clica a la foto.<\/em><a href=\"https:\/\/photos.app.goo.gl\/6zC5rdgYToPjCWfUA\" target=\"_blank\" rel=\"noopener\"><img loading=\"lazy\" decoding=\"async\" class=\"aligncenter wp-image-29738 size-large\" src=\"https:\/\/agora.xtec.cat\/ceip-santjordi-lleida\/wp-content\/uploads\/usu1393\/2021\/10\/fotocova3r-1024x651.jpg\" alt=\"\" width=\"1024\" height=\"651\" srcset=\"https:\/\/agora.xtec.cat\/ceip-santjordi-lleida\/wp-content\/uploads\/usu1393\/2021\/10\/fotocova3r-1024x651.jpg 1024w, https:\/\/agora.xtec.cat\/ceip-santjordi-lleida\/wp-content\/uploads\/usu1393\/2021\/10\/fotocova3r-300x191.jpg 300w, https:\/\/agora.xtec.cat\/ceip-santjordi-lleida\/wp-content\/uploads\/usu1393\/2021\/10\/fotocova3r-768x488.jpg 768w, https:\/\/agora.xtec.cat\/ceip-santjordi-lleida\/wp-content\/uploads\/usu1393\/2021\/10\/fotocova3r-1536x977.jpg 1536w, https:\/\/agora.xtec.cat\/ceip-santjordi-lleida\/wp-content\/uploads\/usu1393\/2021\/10\/fotocova3r-2048x1302.jpg 2048w\" sizes=\"auto, (max-width: 1024px) 100vw, 1024px\" \/><\/a><\/p>\n<p>&nbsp;<\/p>\n","protected":false},"excerpt":{"rendered":"<p>Sortida Espluga Francol\u00ed.- CM&hellip;  <a href=\"https:\/\/agora.xtec.cat\/ceip-santjordi-lleida\/portada\/el-cicle-mitja-a-lespluga-de-francoli\/\" title=\"Read El Cicle Mitj\u00e0 a l&#8217;Espluga de Francol\u00ed\">Llegeix m\u00e9s\u00bb<\/a><\/p>\n","protected":false},"author":10,"featured_media":29738,"comment_status":"open","ping_status":"closed","sticky":false,"template":"","format":"standard","meta":{"_bbp_topic_count":0,"_bbp_reply_count":0,"_bbp_total_topic_count":0,"_bbp_total_reply_count":0,"_bbp_voice_count":0,"_bbp_anonymous_reply_count":0,"_bbp_topic_count_hidden":0,"_bbp_reply_count_hidden":0,"_bbp_forum_subforum_count":0,"footnotes":""},"categories":[12,13,4,5,326],"tags":[368],"class_list":["post-29737","post","type-post","status-publish","format-standard","has-post-thumbnail","hentry","category-3r","category-4t","category-portada","category-primaria","category-sortides","tag-sortida"],"post_mailing_queue_ids":[],"_links":{"self":[{"href":"https:\/\/agora.xtec.cat\/ceip-santjordi-lleida\/wp-json\/wp\/v2\/posts\/29737","targetHints":{"allow":["GET"]}}],"collection":[{"href":"https:\/\/agora.xtec.cat\/ceip-santjordi-lleida\/wp-json\/wp\/v2\/posts"}],"about":[{"href":"https:\/\/agora.xtec.cat\/ceip-santjordi-lleida\/wp-json\/wp\/v2\/types\/post"}],"author":[{"embeddable":true,"href":"https:\/\/agora.xtec.cat\/ceip-santjordi-lleida\/wp-json\/wp\/v2\/users\/10"}],"replies":[{"embeddable":true,"href":"https:\/\/agora.xtec.cat\/ceip-santjordi-lleida\/wp-json\/wp\/v2\/comments?post=29737"}],"version-history":[{"count":3,"href":"https:\/\/agora.xtec.cat\/ceip-santjordi-lleida\/wp-json\/wp\/v2\/posts\/29737\/revisions"}],"predecessor-version":[{"id":29742,"href":"https:\/\/agora.xtec.cat\/ceip-santjordi-lleida\/wp-json\/wp\/v2\/posts\/29737\/revisions\/29742"}],"wp:featuredmedia":[{"embeddable":true,"href":"https:\/\/agora.xtec.cat\/ceip-santjordi-lleida\/wp-json\/wp\/v2\/media\/29738"}],"wp:attachment":[{"href":"https:\/\/agora.xtec.cat\/ceip-santjordi-lleida\/wp-json\/wp\/v2\/media?parent=29737"}],"wp:term":[{"taxonomy":"category","embeddable":true,"href":"https:\/\/agora.xtec.cat\/ceip-santjordi-lleida\/wp-json\/wp\/v2\/categories?post=29737"},{"taxonomy":"post_tag","embeddable":true,"href":"https:\/\/agora.xtec.cat\/ceip-santjordi-lleida\/wp-json\/wp\/v2\/tags?post=29737"}],"curies":[{"name":"wp","href":"https:\/\/api.w.org\/{rel}","templated":true}]}}