{"id":29676,"date":"2021-06-28T17:45:46","date_gmt":"2021-06-28T15:45:46","guid":{"rendered":"http:\/\/agora.xtec.cat\/ceip-santjordi-lleida\/?p=29676"},"modified":"2021-06-28T17:52:21","modified_gmt":"2021-06-28T15:52:21","slug":"corrandaescola-radioseu","status":"publish","type":"post","link":"https:\/\/agora.xtec.cat\/ceip-santjordi-lleida\/portada\/corrandaescola-radioseu\/","title":{"rendered":"CORRANDAESCOLA &#8220;R\u00e0dioSeu&#8221;"},"content":{"rendered":"<p>L&#8217;\u00faltima quinzena de trimestre, fruit del treball d&#8217;apadrinament entre la plana i la muntanya sobre la can\u00e7\u00f3 improvisada, als mestres implicats i a certs alumnes ens van deixar participar (des de la dist\u00e0ncia) en un programa de r\u00e0dio.<\/p>\n<p>Aqu\u00ed us deixem el programa de R\u00e0dioSeu:<br \/>\n<a href=\"https:\/\/alacarta.radioseu.cat\/embed\/podcast?id=radioseu_podcast_10524\" target=\"_blank\" rel=\"noopener noreferrer\">La Veu dels centres. Intercanvi de glosa<\/a><\/p>\n<p>Molt bon estiu i no pareu de cantar!!!<\/p>\n<p>&nbsp;<\/p>\n","protected":false},"excerpt":{"rendered":"<p>L&#8217;\u00faltima quinzena de trimestre, fruit del treball d&#8217;apadrinament entre la plana i la muntanya sobre la can\u00e7\u00f3 improvisada, als mestres implicats i a certs alumnes ens van deixar participar (des de la dist\u00e0ncia) en un programa de r\u00e0dio.<br \/>\nAqu\u00ed us deixem el programa de R\u00e0dioSeu:<br \/>\n<a href=\"https:\/\/alacarta.radioseu.cat\/embed\/podcast?id=radioseu_podcast_10524\"&hellip;  <a href=\"https:\/\/agora.xtec.cat\/ceip-santjordi-lleida\/portada\/corrandaescola-radioseu\/\" title=\"Read CORRANDAESCOLA &#8220;R\u00e0dioSeu&#8221;\">Llegeix m\u00e9s\u00bb<\/a><\/p>\n","protected":false},"author":5,"featured_media":29678,"comment_status":"open","ping_status":"closed","sticky":false,"template":"","format":"standard","meta":{"_bbp_topic_count":0,"_bbp_reply_count":0,"_bbp_total_topic_count":0,"_bbp_total_reply_count":0,"_bbp_voice_count":0,"_bbp_anonymous_reply_count":0,"_bbp_topic_count_hidden":0,"_bbp_reply_count_hidden":0,"_bbp_forum_subforum_count":0,"footnotes":""},"categories":[14,15,320,4,5],"tags":[],"class_list":["post-29676","post","type-post","status-publish","format-standard","has-post-thumbnail","hentry","category-5e","category-6e","category-musica","category-portada","category-primaria"],"post_mailing_queue_ids":[],"_links":{"self":[{"href":"https:\/\/agora.xtec.cat\/ceip-santjordi-lleida\/wp-json\/wp\/v2\/posts\/29676","targetHints":{"allow":["GET"]}}],"collection":[{"href":"https:\/\/agora.xtec.cat\/ceip-santjordi-lleida\/wp-json\/wp\/v2\/posts"}],"about":[{"href":"https:\/\/agora.xtec.cat\/ceip-santjordi-lleida\/wp-json\/wp\/v2\/types\/post"}],"author":[{"embeddable":true,"href":"https:\/\/agora.xtec.cat\/ceip-santjordi-lleida\/wp-json\/wp\/v2\/users\/5"}],"replies":[{"embeddable":true,"href":"https:\/\/agora.xtec.cat\/ceip-santjordi-lleida\/wp-json\/wp\/v2\/comments?post=29676"}],"version-history":[{"count":3,"href":"https:\/\/agora.xtec.cat\/ceip-santjordi-lleida\/wp-json\/wp\/v2\/posts\/29676\/revisions"}],"predecessor-version":[{"id":29680,"href":"https:\/\/agora.xtec.cat\/ceip-santjordi-lleida\/wp-json\/wp\/v2\/posts\/29676\/revisions\/29680"}],"wp:featuredmedia":[{"embeddable":true,"href":"https:\/\/agora.xtec.cat\/ceip-santjordi-lleida\/wp-json\/wp\/v2\/media\/29678"}],"wp:attachment":[{"href":"https:\/\/agora.xtec.cat\/ceip-santjordi-lleida\/wp-json\/wp\/v2\/media?parent=29676"}],"wp:term":[{"taxonomy":"category","embeddable":true,"href":"https:\/\/agora.xtec.cat\/ceip-santjordi-lleida\/wp-json\/wp\/v2\/categories?post=29676"},{"taxonomy":"post_tag","embeddable":true,"href":"https:\/\/agora.xtec.cat\/ceip-santjordi-lleida\/wp-json\/wp\/v2\/tags?post=29676"}],"curies":[{"name":"wp","href":"https:\/\/api.w.org\/{rel}","templated":true}]}}