{"id":29646,"date":"2021-06-02T17:18:50","date_gmt":"2021-06-02T15:18:50","guid":{"rendered":"http:\/\/agora.xtec.cat\/ceip-santjordi-lleida\/?p=29646"},"modified":"2021-06-02T17:19:33","modified_gmt":"2021-06-02T15:19:33","slug":"larboretum-a-la-primavera-cm-taronja","status":"publish","type":"post","link":"https:\/\/agora.xtec.cat\/ceip-santjordi-lleida\/portada\/larboretum-a-la-primavera-cm-taronja\/","title":{"rendered":"L&#8217;arboretum a la primavera. CM taronja"},"content":{"rendered":"<p><a href=\"https:\/\/photos.app.goo.gl\/7nJBGj99LY4SgL3g8\" target=\"_blank\" rel=\"noopener noreferrer\"><br \/>\n<img loading=\"lazy\" decoding=\"async\" class=\"aligncenter size-full wp-image-29647\" src=\"https:\/\/agora.xtec.cat\/ceip-santjordi-lleida\/wp-content\/uploads\/usu1393\/2021\/05\/portada-5.jpg\" alt=\"\" width=\"500\" height=\"374\" srcset=\"https:\/\/agora.xtec.cat\/ceip-santjordi-lleida\/wp-content\/uploads\/usu1393\/2021\/05\/portada-5.jpg 500w, https:\/\/agora.xtec.cat\/ceip-santjordi-lleida\/wp-content\/uploads\/usu1393\/2021\/05\/portada-5-300x224.jpg 300w, https:\/\/agora.xtec.cat\/ceip-santjordi-lleida\/wp-content\/uploads\/usu1393\/2021\/05\/portada-5-200x150.jpg 200w\" sizes=\"auto, (max-width: 500px) 100vw, 500px\" \/><\/a>Aquest mes de maig hem tornat a l&#8217;Arbor\u00e8tum de Lleida. Us expliquem alguns dels aprenentatges que hem fet.<\/p>\n<p>La part masculina de la flor s\u00f3n els estams que s\u00f3n com uns filaments i a les seves antenes guarden una mena de bola de pol\u00b7len.<\/p>\n<p>La part femenina de la flor \u00e9s el pistil on hi ha els \u00f2vuls, que s\u00f3n rodons i petits.<\/p>\n<p>Hem apr\u00e8s quins animals pol\u00b7linitzen: l&#8217;abella, l&#8217;escarabat, la papallona i el colibr\u00ed. L&#8217;insecte que m\u00e9s pol\u00b7linitza \u00e9s l&#8217;abella: quan van d&#8217;una flor a una altra se&#8217;ls queda pol\u00b7len enganxat i el transporten fins que s&#8217;enganxa a l&#8217;estigma del pistil\u00a0 (que \u00e9s enganx\u00f3s) d&#8217;alguna flor. Quan la flor ja est\u00e0 pol\u00b7linitzada es fa la llavor i el fruit. Es pot dir que els insectes pol\u00b7linitzadors fan una mena de &#8220;tracte&#8221; amb les flors que consisteix en qu\u00e8 quan l&#8217;insecte va a menjar el n\u00e8ctar de les flors, al cos se&#8217;ls queda enganxat pol\u00b7len i d&#8217;aquesta manera es produeix la pol\u00b7linitzaci\u00f3.<\/p>\n<p>Els pol\u00b7linitzadors tenen uns colors que els hi atreuen m\u00e9s, per exemple a les abelles i les papallones els atreu les flors blaves, grogues, roses o vermelles; mentre que als escarabats els atreuen les flors blanques i grises.<\/p>\n<p>Els insectes tenen cap, t\u00f2rax, abdomen i\u00a0 6 potes. Les abelles a l&#8217;abdomen tenen el fibl\u00f3. L&#8217;abella \u00e9s l&#8217;insecte que pol\u00b7linitza m\u00e9s. En un rusc d&#8217;abelles hi ha 3 tipus d&#8217;abelles, solament una \u00e9s la reina.<\/p>\n<p>Els rats-penats s\u00f3n els pol\u00b7linitzadors nocturns m\u00e9s comuns i normalment van a les flors dels cactus.<\/p>\n<p>Nenes i nens de CM taronja<\/p>\n<p>&nbsp;<\/p>\n<p>&nbsp;<\/p>\n<p>&nbsp;<\/p>\n","protected":false},"excerpt":{"rendered":"<p><a href=\"https:\/\/photos.app.goo.gl\/7nJBGj99LY4SgL3g8\" target=\"_blank\" rel=\"noopener noreferrer\"><br \/>\n<\/a>Aquest mes de maig hem tornat a l&#8217;Arbor\u00e8tum de Lleida. Us expliquem alguns dels aprenentatges que hem fet.<br \/>\nLa part masculina de la flor s\u00f3n els estams que s\u00f3n com uns filaments i a les seves antenes guarden una mena de bola&hellip;  <a href=\"https:\/\/agora.xtec.cat\/ceip-santjordi-lleida\/portada\/larboretum-a-la-primavera-cm-taronja\/\" title=\"Read L&#8217;arboretum a la primavera. CM taronja\">Llegeix m\u00e9s\u00bb<\/a><\/p>\n","protected":false},"author":10,"featured_media":29647,"comment_status":"open","ping_status":"closed","sticky":false,"template":"","format":"standard","meta":{"_bbp_topic_count":0,"_bbp_reply_count":0,"_bbp_total_topic_count":0,"_bbp_total_reply_count":0,"_bbp_voice_count":0,"_bbp_anonymous_reply_count":0,"_bbp_topic_count_hidden":0,"_bbp_reply_count_hidden":0,"_bbp_forum_subforum_count":0,"footnotes":""},"categories":[12,13,4,5,326],"tags":[453,368],"class_list":["post-29646","post","type-post","status-publish","format-standard","has-post-thumbnail","hentry","category-3r","category-4t","category-portada","category-primaria","category-sortides","tag-redactat-pels-alumnes","tag-sortida"],"post_mailing_queue_ids":[],"_links":{"self":[{"href":"https:\/\/agora.xtec.cat\/ceip-santjordi-lleida\/wp-json\/wp\/v2\/posts\/29646","targetHints":{"allow":["GET"]}}],"collection":[{"href":"https:\/\/agora.xtec.cat\/ceip-santjordi-lleida\/wp-json\/wp\/v2\/posts"}],"about":[{"href":"https:\/\/agora.xtec.cat\/ceip-santjordi-lleida\/wp-json\/wp\/v2\/types\/post"}],"author":[{"embeddable":true,"href":"https:\/\/agora.xtec.cat\/ceip-santjordi-lleida\/wp-json\/wp\/v2\/users\/10"}],"replies":[{"embeddable":true,"href":"https:\/\/agora.xtec.cat\/ceip-santjordi-lleida\/wp-json\/wp\/v2\/comments?post=29646"}],"version-history":[{"count":3,"href":"https:\/\/agora.xtec.cat\/ceip-santjordi-lleida\/wp-json\/wp\/v2\/posts\/29646\/revisions"}],"predecessor-version":[{"id":29654,"href":"https:\/\/agora.xtec.cat\/ceip-santjordi-lleida\/wp-json\/wp\/v2\/posts\/29646\/revisions\/29654"}],"wp:featuredmedia":[{"embeddable":true,"href":"https:\/\/agora.xtec.cat\/ceip-santjordi-lleida\/wp-json\/wp\/v2\/media\/29647"}],"wp:attachment":[{"href":"https:\/\/agora.xtec.cat\/ceip-santjordi-lleida\/wp-json\/wp\/v2\/media?parent=29646"}],"wp:term":[{"taxonomy":"category","embeddable":true,"href":"https:\/\/agora.xtec.cat\/ceip-santjordi-lleida\/wp-json\/wp\/v2\/categories?post=29646"},{"taxonomy":"post_tag","embeddable":true,"href":"https:\/\/agora.xtec.cat\/ceip-santjordi-lleida\/wp-json\/wp\/v2\/tags?post=29646"}],"curies":[{"name":"wp","href":"https:\/\/api.w.org\/{rel}","templated":true}]}}