{"id":29585,"date":"2021-05-13T23:07:16","date_gmt":"2021-05-13T21:07:16","guid":{"rendered":"http:\/\/agora.xtec.cat\/ceip-santjordi-lleida\/?p=29585"},"modified":"2021-05-13T23:07:16","modified_gmt":"2021-05-13T21:07:16","slug":"xviii-trobada-de-corals-infantils","status":"publish","type":"post","link":"https:\/\/agora.xtec.cat\/ceip-santjordi-lleida\/portada\/xviii-trobada-de-corals-infantils\/","title":{"rendered":"XVIII trobada de corals infantils"},"content":{"rendered":"<p>Ja fa 18 anys que a nivell de Catalunya se celebra una trobada de corals infantils i juvenils de prim\u00e0ria.<\/p>\n<p>El curs passat ja hi vol\u00edem participar com a escola per\u00f2 la pand\u00e8mia va estroncar el treball de tot un trimestre. Enguany hem repr\u00e8s la trobada i a la fi s&#8217;ha pogut realitzar per\u00f2 en un format poc habitual: on-line.<\/p>\n<p>Durant la primera part de la trobada cada escola participant de la prov\u00edncia de Lleida (n&#8217;\u00e9rem 7) ha interpretat un can\u00e7\u00f3 de &#8220;Pel\u00b7l\u00edcula&#8221;. A \u00f1a 2a part hem fet dues can\u00e7ons conjuntes i hem visionat un parell de v\u00eddeos.<\/p>\n<p>L&#8217;experi\u00e8ncia ha estat curiosa i, tot i els problemes t\u00e8cnics, gratificant. Us deixem els v\u00eddeos del que ha estat la nostra actuaci\u00f3. Ben aviat penjaran tota la trobada sencera. Ja l&#8217;enlla\u00e7arem.<\/p>\n<p>FAM\u00cdLIA ADDAMS:<\/p>\n<p><iframe loading=\"lazy\" title=\"Fam\u00edlia Addams\" width=\"500\" height=\"281\" src=\"https:\/\/www.youtube.com\/embed\/DdteJbtX_3g?feature=oembed\" frameborder=\"0\" allow=\"accelerometer; autoplay; clipboard-write; encrypted-media; gyroscope; picture-in-picture; web-share\" referrerpolicy=\"strict-origin-when-cross-origin\" allowfullscreen><\/iframe><\/p>\n<p>EL M\u00c9S FONAMENTAL:<\/p>\n<p><iframe loading=\"lazy\" title=\"El m\u00e9s fonamental\" width=\"500\" height=\"281\" src=\"https:\/\/www.youtube.com\/embed\/7cI-FisHps0?feature=oembed\" frameborder=\"0\" allow=\"accelerometer; autoplay; clipboard-write; encrypted-media; gyroscope; picture-in-picture; web-share\" referrerpolicy=\"strict-origin-when-cross-origin\" allowfullscreen><\/iframe><\/p>\n<p>CANT DE TROBADA:<\/p>\n<p><iframe loading=\"lazy\" title=\"Cant trobada\" width=\"500\" height=\"281\" src=\"https:\/\/www.youtube.com\/embed\/BCmrzET6uIU?feature=oembed\" frameborder=\"0\" allow=\"accelerometer; autoplay; clipboard-write; encrypted-media; gyroscope; picture-in-picture; web-share\" referrerpolicy=\"strict-origin-when-cross-origin\" allowfullscreen><\/iframe><\/p>\n<p>&nbsp;<\/p>\n","protected":false},"excerpt":{"rendered":"<p>Ja fa 18 anys que a nivell de Catalunya se celebra una trobada de corals infantils i juvenils de prim\u00e0ria.<br \/>\nEl curs passat ja hi vol\u00edem participar com a escola per\u00f2 la pand\u00e8mia va estroncar el treball de tot un trimestre. Enguany hem repr\u00e8s la trobada&hellip;  <a href=\"https:\/\/agora.xtec.cat\/ceip-santjordi-lleida\/portada\/xviii-trobada-de-corals-infantils\/\" title=\"Read XVIII trobada de corals infantils\">Llegeix m\u00e9s\u00bb<\/a><\/p>\n","protected":false},"author":5,"featured_media":29586,"comment_status":"open","ping_status":"closed","sticky":false,"template":"","format":"standard","meta":{"_bbp_topic_count":0,"_bbp_reply_count":0,"_bbp_total_topic_count":0,"_bbp_total_reply_count":0,"_bbp_voice_count":0,"_bbp_anonymous_reply_count":0,"_bbp_topic_count_hidden":0,"_bbp_reply_count_hidden":0,"_bbp_forum_subforum_count":0,"footnotes":""},"categories":[12,13,320,4,5],"tags":[348],"class_list":["post-29585","post","type-post","status-publish","format-standard","has-post-thumbnail","hentry","category-3r","category-4t","category-musica","category-portada","category-primaria","tag-canco"],"post_mailing_queue_ids":[],"_links":{"self":[{"href":"https:\/\/agora.xtec.cat\/ceip-santjordi-lleida\/wp-json\/wp\/v2\/posts\/29585","targetHints":{"allow":["GET"]}}],"collection":[{"href":"https:\/\/agora.xtec.cat\/ceip-santjordi-lleida\/wp-json\/wp\/v2\/posts"}],"about":[{"href":"https:\/\/agora.xtec.cat\/ceip-santjordi-lleida\/wp-json\/wp\/v2\/types\/post"}],"author":[{"embeddable":true,"href":"https:\/\/agora.xtec.cat\/ceip-santjordi-lleida\/wp-json\/wp\/v2\/users\/5"}],"replies":[{"embeddable":true,"href":"https:\/\/agora.xtec.cat\/ceip-santjordi-lleida\/wp-json\/wp\/v2\/comments?post=29585"}],"version-history":[{"count":1,"href":"https:\/\/agora.xtec.cat\/ceip-santjordi-lleida\/wp-json\/wp\/v2\/posts\/29585\/revisions"}],"predecessor-version":[{"id":29587,"href":"https:\/\/agora.xtec.cat\/ceip-santjordi-lleida\/wp-json\/wp\/v2\/posts\/29585\/revisions\/29587"}],"wp:featuredmedia":[{"embeddable":true,"href":"https:\/\/agora.xtec.cat\/ceip-santjordi-lleida\/wp-json\/wp\/v2\/media\/29586"}],"wp:attachment":[{"href":"https:\/\/agora.xtec.cat\/ceip-santjordi-lleida\/wp-json\/wp\/v2\/media?parent=29585"}],"wp:term":[{"taxonomy":"category","embeddable":true,"href":"https:\/\/agora.xtec.cat\/ceip-santjordi-lleida\/wp-json\/wp\/v2\/categories?post=29585"},{"taxonomy":"post_tag","embeddable":true,"href":"https:\/\/agora.xtec.cat\/ceip-santjordi-lleida\/wp-json\/wp\/v2\/tags?post=29585"}],"curies":[{"name":"wp","href":"https:\/\/api.w.org\/{rel}","templated":true}]}}