{"id":29549,"date":"2021-05-10T15:26:38","date_gmt":"2021-05-10T13:26:38","guid":{"rendered":"http:\/\/agora.xtec.cat\/ceip-santjordi-lleida\/?p=29549"},"modified":"2021-05-10T15:26:38","modified_gmt":"2021-05-10T13:26:38","slug":"ritme-i-moviment-interpretacio-ritmica","status":"publish","type":"post","link":"https:\/\/agora.xtec.cat\/ceip-santjordi-lleida\/portada\/ritme-i-moviment-interpretacio-ritmica\/","title":{"rendered":"RITME I MOVIMENT: interpretaci\u00f3 r\u00edtmica"},"content":{"rendered":"<p>Amb aquest exercici hem volgut fer una interpretaci\u00f3 r\u00edtmica amb coordinaci\u00f3 d&#8217;equip i corporal i amb dissociaci\u00f3 (als peus sempre la pulsaci\u00f3 i a les mans un ritme segons la cara del quadrat sobre la qual ens passej\u00e0vem). Aquests ritmes s\u00f3n els ritmes que hem estat treballant enguany. El resultat de moment \u00e9s aquest:<\/p>\n<p>CM TARONJA:<\/p>\n<p><iframe loading=\"lazy\" title=\"Quadrat r\u00edtmic cm taronja\" width=\"500\" height=\"281\" src=\"https:\/\/www.youtube.com\/embed\/lt4MCPXk-nM?feature=oembed\" frameborder=\"0\" allow=\"accelerometer; autoplay; clipboard-write; encrypted-media; gyroscope; picture-in-picture; web-share\" referrerpolicy=\"strict-origin-when-cross-origin\" allowfullscreen><\/iframe><\/p>\n","protected":false},"excerpt":{"rendered":"<p>Amb aquest exercici hem volgut fer una interpretaci\u00f3 r\u00edtmica amb coordinaci\u00f3 d&#8217;equip i corporal i amb dissociaci\u00f3 (als peus sempre la pulsaci\u00f3 i a les mans un ritme segons la cara del quadrat sobre la qual ens passej\u00e0vem). Aquests ritmes s\u00f3n els ritmes que hem&hellip;  <a href=\"https:\/\/agora.xtec.cat\/ceip-santjordi-lleida\/portada\/ritme-i-moviment-interpretacio-ritmica\/\" title=\"Read RITME I MOVIMENT: interpretaci\u00f3 r\u00edtmica\">Llegeix m\u00e9s\u00bb<\/a><\/p>\n","protected":false},"author":5,"featured_media":29550,"comment_status":"open","ping_status":"closed","sticky":false,"template":"","format":"standard","meta":{"_bbp_topic_count":0,"_bbp_reply_count":0,"_bbp_total_topic_count":0,"_bbp_total_reply_count":0,"_bbp_voice_count":0,"_bbp_anonymous_reply_count":0,"_bbp_topic_count_hidden":0,"_bbp_reply_count_hidden":0,"_bbp_forum_subforum_count":0,"footnotes":""},"categories":[12,13,320,4,5],"tags":[400],"class_list":["post-29549","post","type-post","status-publish","format-standard","has-post-thumbnail","hentry","category-3r","category-4t","category-musica","category-portada","category-primaria","tag-ritme"],"post_mailing_queue_ids":[],"_links":{"self":[{"href":"https:\/\/agora.xtec.cat\/ceip-santjordi-lleida\/wp-json\/wp\/v2\/posts\/29549","targetHints":{"allow":["GET"]}}],"collection":[{"href":"https:\/\/agora.xtec.cat\/ceip-santjordi-lleida\/wp-json\/wp\/v2\/posts"}],"about":[{"href":"https:\/\/agora.xtec.cat\/ceip-santjordi-lleida\/wp-json\/wp\/v2\/types\/post"}],"author":[{"embeddable":true,"href":"https:\/\/agora.xtec.cat\/ceip-santjordi-lleida\/wp-json\/wp\/v2\/users\/5"}],"replies":[{"embeddable":true,"href":"https:\/\/agora.xtec.cat\/ceip-santjordi-lleida\/wp-json\/wp\/v2\/comments?post=29549"}],"version-history":[{"count":1,"href":"https:\/\/agora.xtec.cat\/ceip-santjordi-lleida\/wp-json\/wp\/v2\/posts\/29549\/revisions"}],"predecessor-version":[{"id":29551,"href":"https:\/\/agora.xtec.cat\/ceip-santjordi-lleida\/wp-json\/wp\/v2\/posts\/29549\/revisions\/29551"}],"wp:featuredmedia":[{"embeddable":true,"href":"https:\/\/agora.xtec.cat\/ceip-santjordi-lleida\/wp-json\/wp\/v2\/media\/29550"}],"wp:attachment":[{"href":"https:\/\/agora.xtec.cat\/ceip-santjordi-lleida\/wp-json\/wp\/v2\/media?parent=29549"}],"wp:term":[{"taxonomy":"category","embeddable":true,"href":"https:\/\/agora.xtec.cat\/ceip-santjordi-lleida\/wp-json\/wp\/v2\/categories?post=29549"},{"taxonomy":"post_tag","embeddable":true,"href":"https:\/\/agora.xtec.cat\/ceip-santjordi-lleida\/wp-json\/wp\/v2\/tags?post=29549"}],"curies":[{"name":"wp","href":"https:\/\/api.w.org\/{rel}","templated":true}]}}