{"id":29545,"date":"2021-05-06T20:13:58","date_gmt":"2021-05-06T18:13:58","guid":{"rendered":"http:\/\/agora.xtec.cat\/ceip-santjordi-lleida\/?p=29545"},"modified":"2021-05-06T20:13:58","modified_gmt":"2021-05-06T18:13:58","slug":"audicio-el-carnaval-dels-animals","status":"publish","type":"post","link":"https:\/\/agora.xtec.cat\/ceip-santjordi-lleida\/portada\/audicio-el-carnaval-dels-animals\/","title":{"rendered":"AUDICI\u00d3: El Carnaval dels animals"},"content":{"rendered":"<p>Avui el CM hem pogut gaudir d&#8217;una nova activitat musical a l&#8217;escola. Aquest cop a l&#8217;Auditori Enric Granados, i ha estat una audici\u00f3 amb m\u00fasica de Camille Saint-Sa\u00ebns: El Carnaval dels animals.<\/p>\n<p>Hem escoltat com els m\u00fasics interpretaven les 13 peces que confegeixen el Carnaval amb una dramat\u00fargia c\u00f2mica. El viol\u00ed, la viola, el cello, el contrabaix, els pianos, el clarinet. la flauta travessera, el xil\u00b7l\u00f2fon i altres instruments de percussi\u00f3 han omplert l&#8217;Auditori de bona m\u00fasica i ens han fet reviure i pr\u00e0cticament veure determinats animals com, les gallines, el ruc, els cignes, l&#8217;elefant, els cangurs, el cucut, el lle\u00f3&#8230;<\/p>\n<p><em>Clica a la imatge per veure&#8217;n m\u00e9s.<\/em><\/p>\n<p><a href=\"https:\/\/photos.app.goo.gl\/8RgxaRfuyMXhKWJ56\" target=\"_blank\" rel=\"noopener noreferrer\"><img loading=\"lazy\" decoding=\"async\" class=\"alignnone wp-image-29546 size-full\" src=\"https:\/\/agora.xtec.cat\/ceip-santjordi-lleida\/wp-content\/uploads\/usu1393\/2021\/05\/IMG-3829.jpg\" alt=\"\" width=\"1008\" height=\"756\" srcset=\"https:\/\/agora.xtec.cat\/ceip-santjordi-lleida\/wp-content\/uploads\/usu1393\/2021\/05\/IMG-3829.jpg 1008w, https:\/\/agora.xtec.cat\/ceip-santjordi-lleida\/wp-content\/uploads\/usu1393\/2021\/05\/IMG-3829-300x225.jpg 300w, https:\/\/agora.xtec.cat\/ceip-santjordi-lleida\/wp-content\/uploads\/usu1393\/2021\/05\/IMG-3829-768x576.jpg 768w, https:\/\/agora.xtec.cat\/ceip-santjordi-lleida\/wp-content\/uploads\/usu1393\/2021\/05\/IMG-3829-200x150.jpg 200w\" sizes=\"auto, (max-width: 1008px) 100vw, 1008px\" \/><\/a><\/p>\n","protected":false},"excerpt":{"rendered":"<p>Avui el CM hem pogut gaudir d&#8217;una nova activitat musical a l&#8217;escola. Aquest cop a l&#8217;Auditori Enric Granados, i ha estat una audici\u00f3 amb m\u00fasica de Camille Saint-Sa\u00ebns: El Carnaval dels animals.<br \/>\nHem escoltat com els m\u00fasics interpretaven les 13 peces que confegeixen el Carnaval amb&hellip;  <a href=\"https:\/\/agora.xtec.cat\/ceip-santjordi-lleida\/portada\/audicio-el-carnaval-dels-animals\/\" title=\"Read AUDICI\u00d3: El Carnaval dels animals\">Llegeix m\u00e9s\u00bb<\/a><\/p>\n","protected":false},"author":5,"featured_media":29546,"comment_status":"open","ping_status":"closed","sticky":false,"template":"","format":"standard","meta":{"_bbp_topic_count":0,"_bbp_reply_count":0,"_bbp_total_topic_count":0,"_bbp_total_reply_count":0,"_bbp_voice_count":0,"_bbp_anonymous_reply_count":0,"_bbp_topic_count_hidden":0,"_bbp_reply_count_hidden":0,"_bbp_forum_subforum_count":0,"footnotes":""},"categories":[12,13,320,4,5,326],"tags":[350],"class_list":["post-29545","post","type-post","status-publish","format-standard","has-post-thumbnail","hentry","category-3r","category-4t","category-musica","category-portada","category-primaria","category-sortides","tag-audicio"],"post_mailing_queue_ids":[],"_links":{"self":[{"href":"https:\/\/agora.xtec.cat\/ceip-santjordi-lleida\/wp-json\/wp\/v2\/posts\/29545","targetHints":{"allow":["GET"]}}],"collection":[{"href":"https:\/\/agora.xtec.cat\/ceip-santjordi-lleida\/wp-json\/wp\/v2\/posts"}],"about":[{"href":"https:\/\/agora.xtec.cat\/ceip-santjordi-lleida\/wp-json\/wp\/v2\/types\/post"}],"author":[{"embeddable":true,"href":"https:\/\/agora.xtec.cat\/ceip-santjordi-lleida\/wp-json\/wp\/v2\/users\/5"}],"replies":[{"embeddable":true,"href":"https:\/\/agora.xtec.cat\/ceip-santjordi-lleida\/wp-json\/wp\/v2\/comments?post=29545"}],"version-history":[{"count":2,"href":"https:\/\/agora.xtec.cat\/ceip-santjordi-lleida\/wp-json\/wp\/v2\/posts\/29545\/revisions"}],"predecessor-version":[{"id":29548,"href":"https:\/\/agora.xtec.cat\/ceip-santjordi-lleida\/wp-json\/wp\/v2\/posts\/29545\/revisions\/29548"}],"wp:featuredmedia":[{"embeddable":true,"href":"https:\/\/agora.xtec.cat\/ceip-santjordi-lleida\/wp-json\/wp\/v2\/media\/29546"}],"wp:attachment":[{"href":"https:\/\/agora.xtec.cat\/ceip-santjordi-lleida\/wp-json\/wp\/v2\/media?parent=29545"}],"wp:term":[{"taxonomy":"category","embeddable":true,"href":"https:\/\/agora.xtec.cat\/ceip-santjordi-lleida\/wp-json\/wp\/v2\/categories?post=29545"},{"taxonomy":"post_tag","embeddable":true,"href":"https:\/\/agora.xtec.cat\/ceip-santjordi-lleida\/wp-json\/wp\/v2\/tags?post=29545"}],"curies":[{"name":"wp","href":"https:\/\/api.w.org\/{rel}","templated":true}]}}