{"id":29525,"date":"2021-05-12T13:09:16","date_gmt":"2021-05-12T11:09:16","guid":{"rendered":"http:\/\/agora.xtec.cat\/ceip-santjordi-lleida\/?p=29525"},"modified":"2021-05-12T13:09:16","modified_gmt":"2021-05-12T11:09:16","slug":"visita-a-la-panera","status":"publish","type":"post","link":"https:\/\/agora.xtec.cat\/ceip-santjordi-lleida\/portada\/visita-a-la-panera\/","title":{"rendered":"Visita a la Panera"},"content":{"rendered":"<p>Els nens i nenes de cicle mitj\u00e0 hem fet una visita a la galeria d&#8217;art la Panera, on hem pogut gaudir d&#8217;una exposici\u00f3 titulada &#8220;Pastoral&#8221; de David Bestu\u00e9. En aquesta, l&#8217;autor adopta t\u00e8cniques de processament industrial i ens presenta peces que integren, en la seva composici\u00f3, elements vinculats al territori, per\u00f2 tamb\u00e9 obres d&#8217;autoria diversa.<\/p>\n<p>Tamb\u00e9 hem visitat l&#8217;exposici\u00f3 &#8220;Graves&#8221; de la Lara Almarcegui, on ens ofereix una perspectiva geol\u00f2gica de la zona de Lleida i la plana del riu Segre.<\/p>\n<p>Ha estat una sortida molt interessant!<\/p>\n<p><a href=\"https:\/\/photos.app.goo.gl\/WXSGNe52YMaeB62k9\" target=\"_blank\" rel=\"noopener noreferrer\"><img loading=\"lazy\" decoding=\"async\" class=\"aligncenter size-full wp-image-29572\" src=\"https:\/\/agora.xtec.cat\/ceip-santjordi-lleida\/wp-content\/uploads\/usu1393\/2021\/05\/portada-1.jpg\" alt=\"\" width=\"356\" height=\"171\" srcset=\"https:\/\/agora.xtec.cat\/ceip-santjordi-lleida\/wp-content\/uploads\/usu1393\/2021\/05\/portada-1.jpg 356w, https:\/\/agora.xtec.cat\/ceip-santjordi-lleida\/wp-content\/uploads\/usu1393\/2021\/05\/portada-1-300x144.jpg 300w\" sizes=\"auto, (max-width: 356px) 100vw, 356px\" \/><\/a><\/p>\n","protected":false},"excerpt":{"rendered":"<p>Els nens i nenes de cicle mitj\u00e0 hem fet una visita a la galeria d&#8217;art la Panera, on hem pogut gaudir d&#8217;una exposici\u00f3 titulada &#8220;Pastoral&#8221; de David Bestu\u00e9. En aquesta, l&#8217;autor adopta t\u00e8cniques de processament industrial i ens presenta peces que integren, en la seva&hellip;  <a href=\"https:\/\/agora.xtec.cat\/ceip-santjordi-lleida\/portada\/visita-a-la-panera\/\" title=\"Read Visita a la Panera\">Llegeix m\u00e9s\u00bb<\/a><\/p>\n","protected":false},"author":10,"featured_media":29572,"comment_status":"open","ping_status":"closed","sticky":false,"template":"","format":"standard","meta":{"_bbp_topic_count":0,"_bbp_reply_count":0,"_bbp_total_topic_count":0,"_bbp_total_reply_count":0,"_bbp_voice_count":0,"_bbp_anonymous_reply_count":0,"_bbp_topic_count_hidden":0,"_bbp_reply_count_hidden":0,"_bbp_forum_subforum_count":0,"footnotes":""},"categories":[12,13,4,5,326],"tags":[368],"class_list":["post-29525","post","type-post","status-publish","format-standard","has-post-thumbnail","hentry","category-3r","category-4t","category-portada","category-primaria","category-sortides","tag-sortida"],"post_mailing_queue_ids":[],"_links":{"self":[{"href":"https:\/\/agora.xtec.cat\/ceip-santjordi-lleida\/wp-json\/wp\/v2\/posts\/29525","targetHints":{"allow":["GET"]}}],"collection":[{"href":"https:\/\/agora.xtec.cat\/ceip-santjordi-lleida\/wp-json\/wp\/v2\/posts"}],"about":[{"href":"https:\/\/agora.xtec.cat\/ceip-santjordi-lleida\/wp-json\/wp\/v2\/types\/post"}],"author":[{"embeddable":true,"href":"https:\/\/agora.xtec.cat\/ceip-santjordi-lleida\/wp-json\/wp\/v2\/users\/10"}],"replies":[{"embeddable":true,"href":"https:\/\/agora.xtec.cat\/ceip-santjordi-lleida\/wp-json\/wp\/v2\/comments?post=29525"}],"version-history":[{"count":2,"href":"https:\/\/agora.xtec.cat\/ceip-santjordi-lleida\/wp-json\/wp\/v2\/posts\/29525\/revisions"}],"predecessor-version":[{"id":29573,"href":"https:\/\/agora.xtec.cat\/ceip-santjordi-lleida\/wp-json\/wp\/v2\/posts\/29525\/revisions\/29573"}],"wp:featuredmedia":[{"embeddable":true,"href":"https:\/\/agora.xtec.cat\/ceip-santjordi-lleida\/wp-json\/wp\/v2\/media\/29572"}],"wp:attachment":[{"href":"https:\/\/agora.xtec.cat\/ceip-santjordi-lleida\/wp-json\/wp\/v2\/media?parent=29525"}],"wp:term":[{"taxonomy":"category","embeddable":true,"href":"https:\/\/agora.xtec.cat\/ceip-santjordi-lleida\/wp-json\/wp\/v2\/categories?post=29525"},{"taxonomy":"post_tag","embeddable":true,"href":"https:\/\/agora.xtec.cat\/ceip-santjordi-lleida\/wp-json\/wp\/v2\/tags?post=29525"}],"curies":[{"name":"wp","href":"https:\/\/api.w.org\/{rel}","templated":true}]}}