{"id":29521,"date":"2021-05-04T13:39:34","date_gmt":"2021-05-04T11:39:34","guid":{"rendered":"http:\/\/agora.xtec.cat\/ceip-santjordi-lleida\/?p=29521"},"modified":"2021-05-04T13:39:34","modified_gmt":"2021-05-04T11:39:34","slug":"plantant-al-pati","status":"publish","type":"post","link":"https:\/\/agora.xtec.cat\/ceip-santjordi-lleida\/portada\/plantant-al-pati\/","title":{"rendered":"Plantant al pati"},"content":{"rendered":"<p>Divendres passat, el grup de CM taronja vam passar la tarda plantant bona part de les plantes que les fam\u00edlies ens vau regalar per Sant Jordi: pet\u00fanies, clavells, rosers, geranis, d\u00e0lies, dimorfoteques, pensaments, etc. Vam plantar al jard\u00ed del pati d&#8217;infantil, sota els arbres i en alguns racons.\u00a0 Per protegir les flors i evitar que les trepitgem, les vam rodejar de canyes decorades. Va ser una tarda genial fent de jardiners i jardineres gr\u00e0cies als regals de totes les fam\u00edlies. Ara toca tenir-ne cura, regar-les, vigilar-les i gaudir-les.<\/p>\n<p>Per veure alguns moments de la tarda podeu clicar la foto.<\/p>\n<p><a href=\"https:\/\/photos.app.goo.gl\/3Qnx1UG36bzwK7ReA\" target=\"_blank\" rel=\"noopener noreferrer\"><img loading=\"lazy\" decoding=\"async\" class=\"aligncenter size-full wp-image-29522\" src=\"https:\/\/agora.xtec.cat\/ceip-santjordi-lleida\/wp-content\/uploads\/usu1393\/2021\/05\/portada.jpg\" alt=\"\" width=\"500\" height=\"374\" srcset=\"https:\/\/agora.xtec.cat\/ceip-santjordi-lleida\/wp-content\/uploads\/usu1393\/2021\/05\/portada.jpg 500w, https:\/\/agora.xtec.cat\/ceip-santjordi-lleida\/wp-content\/uploads\/usu1393\/2021\/05\/portada-300x224.jpg 300w, https:\/\/agora.xtec.cat\/ceip-santjordi-lleida\/wp-content\/uploads\/usu1393\/2021\/05\/portada-200x150.jpg 200w\" sizes=\"auto, (max-width: 500px) 100vw, 500px\" \/><\/a><\/p>\n","protected":false},"excerpt":{"rendered":"<p>Divendres passat, el grup de CM taronja vam passar la tarda plantant bona part de les plantes que les fam\u00edlies ens vau regalar per Sant Jordi: pet\u00fanies, clavells, rosers, geranis, d\u00e0lies, dimorfoteques, pensaments, etc. Vam plantar al jard\u00ed del pati d&#8217;infantil, sota els arbres i&hellip;  <a href=\"https:\/\/agora.xtec.cat\/ceip-santjordi-lleida\/portada\/plantant-al-pati\/\" title=\"Read Plantant al pati\">Llegeix m\u00e9s\u00bb<\/a><\/p>\n","protected":false},"author":10,"featured_media":29522,"comment_status":"open","ping_status":"closed","sticky":false,"template":"","format":"standard","meta":{"_bbp_topic_count":0,"_bbp_reply_count":0,"_bbp_total_topic_count":0,"_bbp_total_reply_count":0,"_bbp_voice_count":0,"_bbp_anonymous_reply_count":0,"_bbp_topic_count_hidden":0,"_bbp_reply_count_hidden":0,"_bbp_forum_subforum_count":0,"footnotes":""},"categories":[12,13,321,4,5],"tags":[387,456],"class_list":["post-29521","post","type-post","status-publish","format-standard","has-post-thumbnail","hentry","category-3r","category-4t","category-festes","category-portada","category-primaria","tag-festa-de-sant-jordi","tag-jardi"],"post_mailing_queue_ids":[],"_links":{"self":[{"href":"https:\/\/agora.xtec.cat\/ceip-santjordi-lleida\/wp-json\/wp\/v2\/posts\/29521","targetHints":{"allow":["GET"]}}],"collection":[{"href":"https:\/\/agora.xtec.cat\/ceip-santjordi-lleida\/wp-json\/wp\/v2\/posts"}],"about":[{"href":"https:\/\/agora.xtec.cat\/ceip-santjordi-lleida\/wp-json\/wp\/v2\/types\/post"}],"author":[{"embeddable":true,"href":"https:\/\/agora.xtec.cat\/ceip-santjordi-lleida\/wp-json\/wp\/v2\/users\/10"}],"replies":[{"embeddable":true,"href":"https:\/\/agora.xtec.cat\/ceip-santjordi-lleida\/wp-json\/wp\/v2\/comments?post=29521"}],"version-history":[{"count":1,"href":"https:\/\/agora.xtec.cat\/ceip-santjordi-lleida\/wp-json\/wp\/v2\/posts\/29521\/revisions"}],"predecessor-version":[{"id":29523,"href":"https:\/\/agora.xtec.cat\/ceip-santjordi-lleida\/wp-json\/wp\/v2\/posts\/29521\/revisions\/29523"}],"wp:featuredmedia":[{"embeddable":true,"href":"https:\/\/agora.xtec.cat\/ceip-santjordi-lleida\/wp-json\/wp\/v2\/media\/29522"}],"wp:attachment":[{"href":"https:\/\/agora.xtec.cat\/ceip-santjordi-lleida\/wp-json\/wp\/v2\/media?parent=29521"}],"wp:term":[{"taxonomy":"category","embeddable":true,"href":"https:\/\/agora.xtec.cat\/ceip-santjordi-lleida\/wp-json\/wp\/v2\/categories?post=29521"},{"taxonomy":"post_tag","embeddable":true,"href":"https:\/\/agora.xtec.cat\/ceip-santjordi-lleida\/wp-json\/wp\/v2\/tags?post=29521"}],"curies":[{"name":"wp","href":"https:\/\/api.w.org\/{rel}","templated":true}]}}