{"id":29503,"date":"2021-04-22T13:12:51","date_gmt":"2021-04-22T11:12:51","guid":{"rendered":"http:\/\/agora.xtec.cat\/ceip-santjordi-lleida\/?p=29503"},"modified":"2021-05-04T22:42:16","modified_gmt":"2021-05-04T20:42:16","slug":"instrumentacio-escala-pentatonica","status":"publish","type":"post","link":"https:\/\/agora.xtec.cat\/ceip-santjordi-lleida\/portada\/instrumentacio-escala-pentatonica\/","title":{"rendered":"INSTRUMENTACI\u00d3: escala pentat\u00f2nica"},"content":{"rendered":"<p>L&#8217;excusa fou musicar un poema inventat pels nens i nenes de CM i dedicat a la Lola Casa. Gr\u00e0cies a aquest fet v\u00e0rem comen\u00e7ar a improvisar amb una escala pentat\u00f2nica. De moment ho hem fet sobre un suport midi, cada quatre compassos improvisa un de nosaltres, amb els ritmes que vol per\u00f2 amb una consigna, acabar amb do.<\/p>\n<p>El resultat ha estat aquest.<\/p>\n<p>CM TARONJA:<\/p>\n<p><iframe loading=\"lazy\" title=\"Impro orff cm taronja\" width=\"500\" height=\"281\" src=\"https:\/\/www.youtube.com\/embed\/OIvAmwv5EPA?feature=oembed\" frameborder=\"0\" allow=\"accelerometer; autoplay; clipboard-write; encrypted-media; gyroscope; picture-in-picture; web-share\" referrerpolicy=\"strict-origin-when-cross-origin\" allowfullscreen><\/iframe><\/p>\n<p>CM VERD:<\/p>\n<p><iframe loading=\"lazy\" title=\"Imro instrumental cm verd\" width=\"500\" height=\"281\" src=\"https:\/\/www.youtube.com\/embed\/EkeSfAK8g_M?feature=oembed\" frameborder=\"0\" allow=\"accelerometer; autoplay; clipboard-write; encrypted-media; gyroscope; picture-in-picture; web-share\" referrerpolicy=\"strict-origin-when-cross-origin\" allowfullscreen><\/iframe><\/p>\n<p>CM LILA:<\/p>\n<p><iframe loading=\"lazy\" title=\"Improvisacio instrumental cm lila\" width=\"500\" height=\"281\" src=\"https:\/\/www.youtube.com\/embed\/4ceWT6anJ30?feature=oembed\" frameborder=\"0\" allow=\"accelerometer; autoplay; clipboard-write; encrypted-media; gyroscope; picture-in-picture; web-share\" referrerpolicy=\"strict-origin-when-cross-origin\" allowfullscreen><\/iframe><\/p>\n","protected":false},"excerpt":{"rendered":"<p>L&#8217;excusa fou musicar un poema inventat pels nens i nenes de CM i dedicat a la Lola Casa. Gr\u00e0cies a aquest fet v\u00e0rem comen\u00e7ar a improvisar amb una escala pentat\u00f2nica. De moment ho hem fet sobre un suport midi, cada quatre compassos improvisa un de&hellip;  <a href=\"https:\/\/agora.xtec.cat\/ceip-santjordi-lleida\/portada\/instrumentacio-escala-pentatonica\/\" title=\"Read INSTRUMENTACI\u00d3: escala pentat\u00f2nica\">Llegeix m\u00e9s\u00bb<\/a><\/p>\n","protected":false},"author":5,"featured_media":29504,"comment_status":"open","ping_status":"closed","sticky":false,"template":"","format":"standard","meta":{"_bbp_topic_count":0,"_bbp_reply_count":0,"_bbp_total_topic_count":0,"_bbp_total_reply_count":0,"_bbp_voice_count":0,"_bbp_anonymous_reply_count":0,"_bbp_topic_count_hidden":0,"_bbp_reply_count_hidden":0,"_bbp_forum_subforum_count":0,"footnotes":""},"categories":[12,13,320,4,5],"tags":[354],"class_list":["post-29503","post","type-post","status-publish","format-standard","has-post-thumbnail","hentry","category-3r","category-4t","category-musica","category-portada","category-primaria","tag-instrumentacio"],"post_mailing_queue_ids":[],"_links":{"self":[{"href":"https:\/\/agora.xtec.cat\/ceip-santjordi-lleida\/wp-json\/wp\/v2\/posts\/29503","targetHints":{"allow":["GET"]}}],"collection":[{"href":"https:\/\/agora.xtec.cat\/ceip-santjordi-lleida\/wp-json\/wp\/v2\/posts"}],"about":[{"href":"https:\/\/agora.xtec.cat\/ceip-santjordi-lleida\/wp-json\/wp\/v2\/types\/post"}],"author":[{"embeddable":true,"href":"https:\/\/agora.xtec.cat\/ceip-santjordi-lleida\/wp-json\/wp\/v2\/users\/5"}],"replies":[{"embeddable":true,"href":"https:\/\/agora.xtec.cat\/ceip-santjordi-lleida\/wp-json\/wp\/v2\/comments?post=29503"}],"version-history":[{"count":2,"href":"https:\/\/agora.xtec.cat\/ceip-santjordi-lleida\/wp-json\/wp\/v2\/posts\/29503\/revisions"}],"predecessor-version":[{"id":29524,"href":"https:\/\/agora.xtec.cat\/ceip-santjordi-lleida\/wp-json\/wp\/v2\/posts\/29503\/revisions\/29524"}],"wp:featuredmedia":[{"embeddable":true,"href":"https:\/\/agora.xtec.cat\/ceip-santjordi-lleida\/wp-json\/wp\/v2\/media\/29504"}],"wp:attachment":[{"href":"https:\/\/agora.xtec.cat\/ceip-santjordi-lleida\/wp-json\/wp\/v2\/media?parent=29503"}],"wp:term":[{"taxonomy":"category","embeddable":true,"href":"https:\/\/agora.xtec.cat\/ceip-santjordi-lleida\/wp-json\/wp\/v2\/categories?post=29503"},{"taxonomy":"post_tag","embeddable":true,"href":"https:\/\/agora.xtec.cat\/ceip-santjordi-lleida\/wp-json\/wp\/v2\/tags?post=29503"}],"curies":[{"name":"wp","href":"https:\/\/api.w.org\/{rel}","templated":true}]}}