{"id":29487,"date":"2021-04-22T13:43:40","date_gmt":"2021-04-22T11:43:40","guid":{"rendered":"http:\/\/agora.xtec.cat\/ceip-santjordi-lleida\/?p=29487"},"modified":"2021-05-29T17:23:30","modified_gmt":"2021-05-29T15:23:30","slug":"revista-sant-jordi-2021","status":"publish","type":"post","link":"https:\/\/agora.xtec.cat\/ceip-santjordi-lleida\/infantil\/revista-sant-jordi-2021\/","title":{"rendered":"Revista: Sant Jordi 2021"},"content":{"rendered":"<p>Avui a l&#8217;hora de la lectura, l&#8217;escola ha fet un petit homenatge a la nostra revista. Aquest curs, tornem a tenir una revista en format paper: La Tiral\u00ednies, una revista d&#8217;escola amb articles on hi participa tota la comunitat. Aquesta revista ben aviat la podreu visualitzar en format digital al web de l&#8217;AFA i al nostre, i dem\u00e0 a la tarda us arribar\u00e0 en format paper de mans dels vostres fills i filles.<\/p>\n<p>Aquest acte ha estat amenitzat amb lletres de Joan Barcel\u00f3 i m\u00fasica de Meritxell Gen\u00e9, un poema titulat &#8220;<a href=\"http:\/\/www.musicadepoetes.cat\/titol?titol=2262&amp;autor=760\" target=\"_blank\" rel=\"noopener noreferrer\">Nom\u00e9s hi ha el somni que et lliga<\/a>&#8221;<\/p>\n<p>Aquest acte ha estat el tret de sortida de la festa de Sant Jordi d&#8217;aquest curs 20-21, festa que continuar\u00e0 aquesta tarda amb les tradicionals curses, enguany curses de relleus; i que continuar\u00e0 amb la diada de dem\u00e0 on tindrem, exposicions de llibres, plantes, poemes visuals, personatges literaris, xocolatada, racons literaris, roses i les tradicionals cucanyes.<\/p>\n<p>Molt bona diada de sant Jordi a tothom!!!<\/p>\n<p><em>Clica sobre la imatge per veure&#8217;n m\u00e9s.<\/em><\/p>\n<p><a href=\"https:\/\/photos.app.goo.gl\/tpcgSZRdRGPMmqGQ7\" target=\"_blank\" rel=\"noopener noreferrer\"><img loading=\"lazy\" decoding=\"async\" class=\"alignnone wp-image-29488 size-thumbnail\" src=\"https:\/\/agora.xtec.cat\/ceip-santjordi-lleida\/wp-content\/uploads\/usu1393\/2021\/04\/IMG-3734-150x150.jpg\" alt=\"\" width=\"150\" height=\"150\" \/><\/a><\/p>\n","protected":false},"excerpt":{"rendered":"<p>Avui a l&#8217;hora de la lectura, l&#8217;escola ha fet un petit homenatge a la nostra revista. Aquest curs, tornem a tenir una revista en format paper: La Tiral\u00ednies, una revista d&#8217;escola amb articles on hi participa tota la comunitat. Aquesta revista ben aviat la podreu&hellip;  <a href=\"https:\/\/agora.xtec.cat\/ceip-santjordi-lleida\/infantil\/revista-sant-jordi-2021\/\" title=\"Read Revista: Sant Jordi 2021\">Llegeix m\u00e9s\u00bb<\/a><\/p>\n","protected":false},"author":5,"featured_media":29488,"comment_status":"open","ping_status":"closed","sticky":false,"template":"","format":"standard","meta":{"_bbp_topic_count":0,"_bbp_reply_count":0,"_bbp_total_topic_count":0,"_bbp_total_reply_count":0,"_bbp_voice_count":0,"_bbp_anonymous_reply_count":0,"_bbp_topic_count_hidden":0,"_bbp_reply_count_hidden":0,"_bbp_forum_subforum_count":0,"footnotes":""},"categories":[10,11,12,13,14,15,3,8,9,321,2,4,5],"tags":[387],"class_list":["post-29487","post","type-post","status-publish","format-standard","has-post-thumbnail","hentry","category-1r","category-2n","category-3r","category-4t","category-5e","category-6e","category-blava","category-groga","category-verda","category-festes","category-infantil","category-portada","category-primaria","tag-festa-de-sant-jordi"],"post_mailing_queue_ids":[],"_links":{"self":[{"href":"https:\/\/agora.xtec.cat\/ceip-santjordi-lleida\/wp-json\/wp\/v2\/posts\/29487","targetHints":{"allow":["GET"]}}],"collection":[{"href":"https:\/\/agora.xtec.cat\/ceip-santjordi-lleida\/wp-json\/wp\/v2\/posts"}],"about":[{"href":"https:\/\/agora.xtec.cat\/ceip-santjordi-lleida\/wp-json\/wp\/v2\/types\/post"}],"author":[{"embeddable":true,"href":"https:\/\/agora.xtec.cat\/ceip-santjordi-lleida\/wp-json\/wp\/v2\/users\/5"}],"replies":[{"embeddable":true,"href":"https:\/\/agora.xtec.cat\/ceip-santjordi-lleida\/wp-json\/wp\/v2\/comments?post=29487"}],"version-history":[{"count":3,"href":"https:\/\/agora.xtec.cat\/ceip-santjordi-lleida\/wp-json\/wp\/v2\/posts\/29487\/revisions"}],"predecessor-version":[{"id":29496,"href":"https:\/\/agora.xtec.cat\/ceip-santjordi-lleida\/wp-json\/wp\/v2\/posts\/29487\/revisions\/29496"}],"wp:featuredmedia":[{"embeddable":true,"href":"https:\/\/agora.xtec.cat\/ceip-santjordi-lleida\/wp-json\/wp\/v2\/media\/29488"}],"wp:attachment":[{"href":"https:\/\/agora.xtec.cat\/ceip-santjordi-lleida\/wp-json\/wp\/v2\/media?parent=29487"}],"wp:term":[{"taxonomy":"category","embeddable":true,"href":"https:\/\/agora.xtec.cat\/ceip-santjordi-lleida\/wp-json\/wp\/v2\/categories?post=29487"},{"taxonomy":"post_tag","embeddable":true,"href":"https:\/\/agora.xtec.cat\/ceip-santjordi-lleida\/wp-json\/wp\/v2\/tags?post=29487"}],"curies":[{"name":"wp","href":"https:\/\/api.w.org\/{rel}","templated":true}]}}