{"id":29484,"date":"2021-04-20T17:27:24","date_gmt":"2021-04-20T15:27:24","guid":{"rendered":"http:\/\/agora.xtec.cat\/ceip-santjordi-lleida\/?p=29484"},"modified":"2021-04-20T17:29:54","modified_gmt":"2021-04-20T15:29:54","slug":"per-sant-jordi-recomanem","status":"publish","type":"post","link":"https:\/\/agora.xtec.cat\/ceip-santjordi-lleida\/portada\/per-sant-jordi-recomanem\/","title":{"rendered":"Per Sant Jordi recomanem&#8230;"},"content":{"rendered":"<p><img loading=\"lazy\" decoding=\"async\" class=\"aligncenter size-full wp-image-29485\" src=\"https:\/\/agora.xtec.cat\/ceip-santjordi-lleida\/wp-content\/uploads\/usu1393\/2021\/04\/llibres.jpg\" alt=\"\" width=\"500\" height=\"374\" srcset=\"https:\/\/agora.xtec.cat\/ceip-santjordi-lleida\/wp-content\/uploads\/usu1393\/2021\/04\/llibres.jpg 500w, https:\/\/agora.xtec.cat\/ceip-santjordi-lleida\/wp-content\/uploads\/usu1393\/2021\/04\/llibres-300x224.jpg 300w, https:\/\/agora.xtec.cat\/ceip-santjordi-lleida\/wp-content\/uploads\/usu1393\/2021\/04\/llibres-200x150.jpg 200w\" sizes=\"auto, (max-width: 500px) 100vw, 500px\" \/><\/p>\n<p>Cada nen i nena de cicle mitj\u00e0 taronja hem triat de tots els llibres que hem llegit darrerament el que m\u00e9s recomanar\u00edem. Vam estar pensant la manera de fer una presentaci\u00f3 per donar la informaci\u00f3 m\u00e9s important sobre cada llibre i com explicar els motius de la recomanaci\u00f3 en concret. Fa dies que vam comen\u00e7ar a preparar-ho i aquesta setmana amb molta il\u00b7lusi\u00f3 hem pogut gravar els 17 v\u00eddeos on cadasc\u00fa\/na de nosaltres us recomana un llibre. Desitgem que sigui pr\u00e0ctic per tothom i us ajudi a decidir per una lectura al vostre gust.<\/p>\n<p><strong>Bona diada de Sant Jordi i bona lectura!<\/strong> Aqu\u00ed van les diferents recomanacions.<\/p>\n<p><iframe loading=\"lazy\" src=\"\/\/www.youtube.com\/embed\/vGtBja8EBuU\" width=\"560\" height=\"314\"><\/iframe> <iframe loading=\"lazy\" src=\"\/\/www.youtube.com\/embed\/cAO8oH8mKmE\" width=\"560\" height=\"314\"><\/iframe> <iframe loading=\"lazy\" src=\"\/\/www.youtube.com\/embed\/Zic1_yvDh60\" width=\"560\" height=\"314\"><\/iframe> <iframe loading=\"lazy\" src=\"\/\/www.youtube.com\/embed\/SYIyn5Q7-nI\" width=\"560\" height=\"314\"><\/iframe> <iframe loading=\"lazy\" src=\"\/\/www.youtube.com\/embed\/Y7H5oaTpfa8\" width=\"560\" height=\"314\"><\/iframe> <iframe loading=\"lazy\" src=\"\/\/www.youtube.com\/embed\/-W6Lch3hzyQ\" width=\"560\" height=\"314\"><\/iframe> <iframe loading=\"lazy\" src=\"\/\/www.youtube.com\/embed\/awszsO6s3RE\" width=\"560\" height=\"314\"><\/iframe> <iframe loading=\"lazy\" src=\"\/\/www.youtube.com\/embed\/SFkgQ9WVQZk\" width=\"560\" height=\"314\"><\/iframe> <iframe loading=\"lazy\" src=\"\/\/www.youtube.com\/embed\/3u2kiJ2JlX4\" width=\"560\" height=\"314\"><\/iframe> <iframe loading=\"lazy\" src=\"\/\/www.youtube.com\/embed\/ifyMzGtnhA0\" width=\"560\" height=\"314\"><\/iframe> <iframe loading=\"lazy\" src=\"\/\/www.youtube.com\/embed\/0iD_k2HOh04\" width=\"560\" height=\"314\"><\/iframe> <iframe loading=\"lazy\" src=\"\/\/www.youtube.com\/embed\/XgbSBQBEfJg\" width=\"560\" height=\"314\"><\/iframe> <iframe loading=\"lazy\" src=\"\/\/www.youtube.com\/embed\/ZbgfFyvwix4\" width=\"560\" height=\"314\"><\/iframe> <iframe loading=\"lazy\" src=\"\/\/www.youtube.com\/embed\/G_cPmwuHbp0\" width=\"560\" height=\"314\"><\/iframe> <iframe loading=\"lazy\" src=\"\/\/www.youtube.com\/embed\/ZhPog1lxlLo\" width=\"560\" height=\"314\"><\/iframe> <iframe loading=\"lazy\" src=\"\/\/www.youtube.com\/embed\/d6SjFr8ygZc\" width=\"560\" height=\"314\"><\/iframe> <iframe loading=\"lazy\" src=\"\/\/www.youtube.com\/embed\/7T22az02Xd0\" width=\"560\" height=\"314\"><\/iframe><\/p>\n","protected":false},"excerpt":{"rendered":"<p>Cada nen i nena de cicle mitj\u00e0 taronja hem triat de tots els llibres que hem llegit darrerament el que m\u00e9s recomanar\u00edem. Vam estar pensant la manera de fer una presentaci\u00f3 per donar la informaci\u00f3 m\u00e9s important sobre cada llibre i com explicar els motius&hellip;  <a href=\"https:\/\/agora.xtec.cat\/ceip-santjordi-lleida\/portada\/per-sant-jordi-recomanem\/\" title=\"Read Per Sant Jordi recomanem&#8230;\">Llegeix m\u00e9s\u00bb<\/a><\/p>\n","protected":false},"author":10,"featured_media":29485,"comment_status":"open","ping_status":"closed","sticky":false,"template":"","format":"standard","meta":{"_bbp_topic_count":0,"_bbp_reply_count":0,"_bbp_total_topic_count":0,"_bbp_total_reply_count":0,"_bbp_voice_count":0,"_bbp_anonymous_reply_count":0,"_bbp_topic_count_hidden":0,"_bbp_reply_count_hidden":0,"_bbp_forum_subforum_count":0,"footnotes":""},"categories":[12,13,333,4,5],"tags":[403],"class_list":["post-29484","post","type-post","status-publish","format-standard","has-post-thumbnail","hentry","category-3r","category-4t","category-biblioteca","category-portada","category-primaria","tag-bibliorecomanacions"],"post_mailing_queue_ids":[],"_links":{"self":[{"href":"https:\/\/agora.xtec.cat\/ceip-santjordi-lleida\/wp-json\/wp\/v2\/posts\/29484","targetHints":{"allow":["GET"]}}],"collection":[{"href":"https:\/\/agora.xtec.cat\/ceip-santjordi-lleida\/wp-json\/wp\/v2\/posts"}],"about":[{"href":"https:\/\/agora.xtec.cat\/ceip-santjordi-lleida\/wp-json\/wp\/v2\/types\/post"}],"author":[{"embeddable":true,"href":"https:\/\/agora.xtec.cat\/ceip-santjordi-lleida\/wp-json\/wp\/v2\/users\/10"}],"replies":[{"embeddable":true,"href":"https:\/\/agora.xtec.cat\/ceip-santjordi-lleida\/wp-json\/wp\/v2\/comments?post=29484"}],"version-history":[{"count":1,"href":"https:\/\/agora.xtec.cat\/ceip-santjordi-lleida\/wp-json\/wp\/v2\/posts\/29484\/revisions"}],"predecessor-version":[{"id":29486,"href":"https:\/\/agora.xtec.cat\/ceip-santjordi-lleida\/wp-json\/wp\/v2\/posts\/29484\/revisions\/29486"}],"wp:featuredmedia":[{"embeddable":true,"href":"https:\/\/agora.xtec.cat\/ceip-santjordi-lleida\/wp-json\/wp\/v2\/media\/29485"}],"wp:attachment":[{"href":"https:\/\/agora.xtec.cat\/ceip-santjordi-lleida\/wp-json\/wp\/v2\/media?parent=29484"}],"wp:term":[{"taxonomy":"category","embeddable":true,"href":"https:\/\/agora.xtec.cat\/ceip-santjordi-lleida\/wp-json\/wp\/v2\/categories?post=29484"},{"taxonomy":"post_tag","embeddable":true,"href":"https:\/\/agora.xtec.cat\/ceip-santjordi-lleida\/wp-json\/wp\/v2\/tags?post=29484"}],"curies":[{"name":"wp","href":"https:\/\/api.w.org\/{rel}","templated":true}]}}