{"id":29464,"date":"2021-04-22T13:11:54","date_gmt":"2021-04-22T11:11:54","guid":{"rendered":"http:\/\/agora.xtec.cat\/ceip-santjordi-lleida\/?p=29464"},"modified":"2021-04-22T19:51:02","modified_gmt":"2021-04-22T17:51:02","slug":"canco-la-granoteta-verda","status":"publish","type":"post","link":"https:\/\/agora.xtec.cat\/ceip-santjordi-lleida\/portada\/canco-la-granoteta-verda\/","title":{"rendered":"CAN\u00c7\u00d3: La granoteta verda"},"content":{"rendered":"<p>Aquesta can\u00e7\u00f3 ens ha servit per comen\u00e7ar a instrumentar les nostres pr\u00f2pies can\u00e7ons, en aquest cas amb plaques per a fer una base harm\u00f2nica. Fins i tot hem estat capa\u00e7os i capaces de tocar i cantar alhora!!!<\/p>\n<p>El resultat \u00e9s aquest:<\/p>\n<p>LILA<\/p>\n<p><iframe loading=\"lazy\" title=\"La granoteta verda ci lila\" width=\"500\" height=\"281\" src=\"https:\/\/www.youtube.com\/embed\/Bne6ToLXA8c?feature=oembed\" frameborder=\"0\" allow=\"accelerometer; autoplay; clipboard-write; encrypted-media; gyroscope; picture-in-picture; web-share\" referrerpolicy=\"strict-origin-when-cross-origin\" allowfullscreen><\/iframe><\/p>\n<p>TARONJA:<\/p>\n<p><iframe loading=\"lazy\" title=\"La granoteta verda ci taronja\" width=\"500\" height=\"281\" src=\"https:\/\/www.youtube.com\/embed\/31xbIajHgPk?feature=oembed\" frameborder=\"0\" allow=\"accelerometer; autoplay; clipboard-write; encrypted-media; gyroscope; picture-in-picture; web-share\" referrerpolicy=\"strict-origin-when-cross-origin\" allowfullscreen><\/iframe><\/p>\n<p>VERD:<\/p>\n<p><iframe loading=\"lazy\" title=\"La granoteta verda ci verd\" width=\"500\" height=\"281\" src=\"https:\/\/www.youtube.com\/embed\/j29bV6UmSeY?feature=oembed\" frameborder=\"0\" allow=\"accelerometer; autoplay; clipboard-write; encrypted-media; gyroscope; picture-in-picture; web-share\" referrerpolicy=\"strict-origin-when-cross-origin\" allowfullscreen><\/iframe><\/p>\n","protected":false},"excerpt":{"rendered":"<p>Aquesta can\u00e7\u00f3 ens ha servit per comen\u00e7ar a instrumentar les nostres pr\u00f2pies can\u00e7ons, en aquest cas amb plaques per a fer una base harm\u00f2nica. Fins i tot hem estat capa\u00e7os i capaces de tocar i cantar alhora!!!<br \/>\nEl resultat \u00e9s aquest:<br \/>\nLILA<\/p>\n<p>TARONJA:<\/p>\n<p>VERD:<\/p>\n","protected":false},"author":5,"featured_media":29465,"comment_status":"open","ping_status":"closed","sticky":false,"template":"","format":"standard","meta":{"_bbp_topic_count":0,"_bbp_reply_count":0,"_bbp_total_topic_count":0,"_bbp_total_reply_count":0,"_bbp_voice_count":0,"_bbp_anonymous_reply_count":0,"_bbp_topic_count_hidden":0,"_bbp_reply_count_hidden":0,"_bbp_forum_subforum_count":0,"footnotes":""},"categories":[10,11,320,4,5],"tags":[348],"class_list":["post-29464","post","type-post","status-publish","format-standard","has-post-thumbnail","hentry","category-1r","category-2n","category-musica","category-portada","category-primaria","tag-canco"],"post_mailing_queue_ids":[],"_links":{"self":[{"href":"https:\/\/agora.xtec.cat\/ceip-santjordi-lleida\/wp-json\/wp\/v2\/posts\/29464","targetHints":{"allow":["GET"]}}],"collection":[{"href":"https:\/\/agora.xtec.cat\/ceip-santjordi-lleida\/wp-json\/wp\/v2\/posts"}],"about":[{"href":"https:\/\/agora.xtec.cat\/ceip-santjordi-lleida\/wp-json\/wp\/v2\/types\/post"}],"author":[{"embeddable":true,"href":"https:\/\/agora.xtec.cat\/ceip-santjordi-lleida\/wp-json\/wp\/v2\/users\/5"}],"replies":[{"embeddable":true,"href":"https:\/\/agora.xtec.cat\/ceip-santjordi-lleida\/wp-json\/wp\/v2\/comments?post=29464"}],"version-history":[{"count":2,"href":"https:\/\/agora.xtec.cat\/ceip-santjordi-lleida\/wp-json\/wp\/v2\/posts\/29464\/revisions"}],"predecessor-version":[{"id":29502,"href":"https:\/\/agora.xtec.cat\/ceip-santjordi-lleida\/wp-json\/wp\/v2\/posts\/29464\/revisions\/29502"}],"wp:featuredmedia":[{"embeddable":true,"href":"https:\/\/agora.xtec.cat\/ceip-santjordi-lleida\/wp-json\/wp\/v2\/media\/29465"}],"wp:attachment":[{"href":"https:\/\/agora.xtec.cat\/ceip-santjordi-lleida\/wp-json\/wp\/v2\/media?parent=29464"}],"wp:term":[{"taxonomy":"category","embeddable":true,"href":"https:\/\/agora.xtec.cat\/ceip-santjordi-lleida\/wp-json\/wp\/v2\/categories?post=29464"},{"taxonomy":"post_tag","embeddable":true,"href":"https:\/\/agora.xtec.cat\/ceip-santjordi-lleida\/wp-json\/wp\/v2\/tags?post=29464"}],"curies":[{"name":"wp","href":"https:\/\/api.w.org\/{rel}","templated":true}]}}