{"id":29430,"date":"2021-03-18T19:45:55","date_gmt":"2021-03-18T18:45:55","guid":{"rendered":"http:\/\/agora.xtec.cat\/ceip-santjordi-lleida\/?p=29430"},"modified":"2021-03-18T19:45:55","modified_gmt":"2021-03-18T18:45:55","slug":"colonies-empuries-2n-dia","status":"publish","type":"post","link":"https:\/\/agora.xtec.cat\/ceip-santjordi-lleida\/portada\/colonies-empuries-2n-dia\/","title":{"rendered":"COL\u00d2NIES EMP\u00daRIES: 2n dia"},"content":{"rendered":"<p>Bona tarda de nou fam\u00edlia!!!<\/p>\n<p>Avui dia intens\u00edssim!!! De bon mat\u00ed un bon esmorzar per agafar energia i visitar les ru\u00efnes d&#8217;Emp\u00faries amb vistes espectaculars, hist\u00f2ries fant\u00e0stiques i mites grecs m\u00e0gics. A la tarda un taller espectacular d&#8217;arqueologia i despr\u00e9s de berenar caminada &#8220;contra-tramuntana&#8221; fins a Sant Mart\u00ed d&#8217;Emp\u00faries, on hem fet un\u00a0 joc d&#8217;orientaci\u00f3 molt divertit. Tot seguit tornada a l&#8217;Alberg per la vora de la platja i amb pedres a les butxaques.<\/p>\n<p>Ara toca dutxes, sopar i nit d&#8217;espectacle!!!<\/p>\n<p>Dem\u00e0 ja ens retrobarem a mitja tarda. Gaudiu de la tranquil\u00b7litat!!!<\/p>\n<p>Una abra\u00e7ada esventada.<\/p>\n<p><em>Cliqueu sobre la imatge per veure&#8217;n m\u00e9s:<\/em><\/p>\n<p><a href=\"https:\/\/photos.app.goo.gl\/Cw7eTzRLzmzvqcD29\" target=\"_blank\" rel=\"noopener noreferrer\"><img loading=\"lazy\" decoding=\"async\" class=\"alignnone wp-image-29431 size-full\" src=\"https:\/\/agora.xtec.cat\/ceip-santjordi-lleida\/wp-content\/uploads\/usu1393\/2021\/03\/reduida.jpg\" alt=\"\" width=\"1008\" height=\"756\" srcset=\"https:\/\/agora.xtec.cat\/ceip-santjordi-lleida\/wp-content\/uploads\/usu1393\/2021\/03\/reduida.jpg 1008w, https:\/\/agora.xtec.cat\/ceip-santjordi-lleida\/wp-content\/uploads\/usu1393\/2021\/03\/reduida-300x225.jpg 300w, https:\/\/agora.xtec.cat\/ceip-santjordi-lleida\/wp-content\/uploads\/usu1393\/2021\/03\/reduida-768x576.jpg 768w, https:\/\/agora.xtec.cat\/ceip-santjordi-lleida\/wp-content\/uploads\/usu1393\/2021\/03\/reduida-200x150.jpg 200w\" sizes=\"auto, (max-width: 1008px) 100vw, 1008px\" \/><\/a><\/p>\n","protected":false},"excerpt":{"rendered":"<p>Bona tarda de nou fam\u00edlia!!!<br \/>\nAvui dia intens\u00edssim!!! De bon mat\u00ed un bon esmorzar per agafar energia i visitar les ru\u00efnes d&#8217;Emp\u00faries amb vistes espectaculars, hist\u00f2ries fant\u00e0stiques i mites grecs m\u00e0gics. A la tarda un taller espectacular d&#8217;arqueologia i despr\u00e9s de berenar caminada &#8220;contra-tramuntana&#8221; fins a&hellip;  <a href=\"https:\/\/agora.xtec.cat\/ceip-santjordi-lleida\/portada\/colonies-empuries-2n-dia\/\" title=\"Read COL\u00d2NIES EMP\u00daRIES: 2n dia\">Llegeix m\u00e9s\u00bb<\/a><\/p>\n","protected":false},"author":5,"featured_media":29431,"comment_status":"open","ping_status":"closed","sticky":false,"template":"","format":"standard","meta":{"_bbp_topic_count":0,"_bbp_reply_count":0,"_bbp_total_topic_count":0,"_bbp_total_reply_count":0,"_bbp_voice_count":0,"_bbp_anonymous_reply_count":0,"_bbp_topic_count_hidden":0,"_bbp_reply_count_hidden":0,"_bbp_forum_subforum_count":0,"footnotes":""},"categories":[14,15,4,5,326],"tags":[434],"class_list":["post-29430","post","type-post","status-publish","format-standard","has-post-thumbnail","hentry","category-5e","category-6e","category-portada","category-primaria","category-sortides","tag-coloniescs"],"post_mailing_queue_ids":[],"_links":{"self":[{"href":"https:\/\/agora.xtec.cat\/ceip-santjordi-lleida\/wp-json\/wp\/v2\/posts\/29430","targetHints":{"allow":["GET"]}}],"collection":[{"href":"https:\/\/agora.xtec.cat\/ceip-santjordi-lleida\/wp-json\/wp\/v2\/posts"}],"about":[{"href":"https:\/\/agora.xtec.cat\/ceip-santjordi-lleida\/wp-json\/wp\/v2\/types\/post"}],"author":[{"embeddable":true,"href":"https:\/\/agora.xtec.cat\/ceip-santjordi-lleida\/wp-json\/wp\/v2\/users\/5"}],"replies":[{"embeddable":true,"href":"https:\/\/agora.xtec.cat\/ceip-santjordi-lleida\/wp-json\/wp\/v2\/comments?post=29430"}],"version-history":[{"count":1,"href":"https:\/\/agora.xtec.cat\/ceip-santjordi-lleida\/wp-json\/wp\/v2\/posts\/29430\/revisions"}],"predecessor-version":[{"id":29432,"href":"https:\/\/agora.xtec.cat\/ceip-santjordi-lleida\/wp-json\/wp\/v2\/posts\/29430\/revisions\/29432"}],"wp:featuredmedia":[{"embeddable":true,"href":"https:\/\/agora.xtec.cat\/ceip-santjordi-lleida\/wp-json\/wp\/v2\/media\/29431"}],"wp:attachment":[{"href":"https:\/\/agora.xtec.cat\/ceip-santjordi-lleida\/wp-json\/wp\/v2\/media?parent=29430"}],"wp:term":[{"taxonomy":"category","embeddable":true,"href":"https:\/\/agora.xtec.cat\/ceip-santjordi-lleida\/wp-json\/wp\/v2\/categories?post=29430"},{"taxonomy":"post_tag","embeddable":true,"href":"https:\/\/agora.xtec.cat\/ceip-santjordi-lleida\/wp-json\/wp\/v2\/tags?post=29430"}],"curies":[{"name":"wp","href":"https:\/\/api.w.org\/{rel}","templated":true}]}}