{"id":29426,"date":"2021-03-18T08:02:45","date_gmt":"2021-03-18T07:02:45","guid":{"rendered":"http:\/\/agora.xtec.cat\/ceip-santjordi-lleida\/?p=29426"},"modified":"2021-03-18T08:06:12","modified_gmt":"2021-03-18T07:06:12","slug":"colonies-empuries-1r-dia","status":"publish","type":"post","link":"https:\/\/agora.xtec.cat\/ceip-santjordi-lleida\/portada\/colonies-empuries-1r-dia\/","title":{"rendered":"COL\u00d2NIES EMP\u00daRIES: 1r dia"},"content":{"rendered":"<p>Bon dia fam\u00edlies,<\/p>\n<p>Enguany us hem fet esperar un xic per poder llegir-nos i veure&#8217;ns, per\u00f2 tot arriba.<\/p>\n<p>Ahir va ser un dia molt emotiu per alguns i algunes de nosaltres, feia molts i molts dies que no compart\u00edem el 1r dia de col\u00f2nies. Les ganes d&#8217;amistat, l&#8217;emoci\u00f3, la m\u00e0gia del moment, el compartir&#8230; eren evidents i es podies palpar en l&#8217;ambient.<\/p>\n<p>De bon mat\u00ed vam comen\u00e7ar a creuar comarques fins arribar a l&#8217;Alt Empord\u00e0, on ens esperaven l&#8217;Eusebi, la Rosa i la Xon per transportar-nos pel m\u00f3n de l&#8217;ornitologia, pels Aiguamolls de l&#8217;Empord\u00e0. Durant tot el mat\u00ed i fins a les 16:30 v\u00e0rem caminar, observar i escoltar tot el que hi havia als Aiguamolls, i a les 17:00 v\u00e0rem arribar a l&#8217;Alberg, un alberg tot per nosaltres.<\/p>\n<p>All\u00ed ens vam poder instal\u00b7lar, vam poder jugar a les habitacions, dutxar-nos i vam berenar i sopar i abans de les 22:00 ens en vam anar a donar un tomb per poder veure el mar de nit&#8230; va ser poca estona per\u00f2 molt intensa&#8230; sobretot per la forta Tramuntana que va bufar durant tot el dia.<\/p>\n<p>A l&#8217;arribar a l&#8217;alberg vam explicar un conte terror\u00edfic per\u00f2 no prou perqu\u00e8 ning\u00fa pogu\u00e9s agafar el son. Uns ho van fer passades les 23:00, altres passades les 00:00 altres passada la 1:00&#8230; Aix\u00f2 s\u00ed, avui a les 6:30 tothom ja estava de peus.<\/p>\n<p>La nit ha estat pl\u00e0cida i compassada per la remor de les ones del mar i la tramuntana.<\/p>\n<p>Fins d&#8217;aqu\u00ed una estona&#8230; de moment, unes quantes fotos i un v\u00eddeo nocturn.<\/p>\n<p><em>Clica sobre la imatge per veure&#8217;n m\u00e9s<\/em>.<\/p>\n<p><a href=\"https:\/\/photos.app.goo.gl\/wfJ9XrkMPpxADD587\" target=\"_blank\" rel=\"noopener noreferrer\"><img loading=\"lazy\" decoding=\"async\" class=\"alignnone wp-image-29427 size-large\" src=\"https:\/\/agora.xtec.cat\/ceip-santjordi-lleida\/wp-content\/uploads\/usu1393\/2021\/03\/PHOTO-2021-03-17-16-51-48_2-1024x768.jpg\" alt=\"\" width=\"1024\" height=\"768\" srcset=\"https:\/\/agora.xtec.cat\/ceip-santjordi-lleida\/wp-content\/uploads\/usu1393\/2021\/03\/PHOTO-2021-03-17-16-51-48_2-1024x768.jpg 1024w, https:\/\/agora.xtec.cat\/ceip-santjordi-lleida\/wp-content\/uploads\/usu1393\/2021\/03\/PHOTO-2021-03-17-16-51-48_2-300x225.jpg 300w, https:\/\/agora.xtec.cat\/ceip-santjordi-lleida\/wp-content\/uploads\/usu1393\/2021\/03\/PHOTO-2021-03-17-16-51-48_2-768x576.jpg 768w, https:\/\/agora.xtec.cat\/ceip-santjordi-lleida\/wp-content\/uploads\/usu1393\/2021\/03\/PHOTO-2021-03-17-16-51-48_2-200x150.jpg 200w, https:\/\/agora.xtec.cat\/ceip-santjordi-lleida\/wp-content\/uploads\/usu1393\/2021\/03\/PHOTO-2021-03-17-16-51-48_2.jpg 2048w\" sizes=\"auto, (max-width: 1024px) 100vw, 1024px\" \/><\/a><\/p>\n<p><iframe loading=\"lazy\" title=\"VIDEO 2021 03 17 21 22 17\" width=\"500\" height=\"281\" src=\"https:\/\/www.youtube.com\/embed\/zJHS_QypiTI?feature=oembed\" frameborder=\"0\" allow=\"accelerometer; autoplay; clipboard-write; encrypted-media; gyroscope; picture-in-picture; web-share\" referrerpolicy=\"strict-origin-when-cross-origin\" allowfullscreen><\/iframe><\/p>\n","protected":false},"excerpt":{"rendered":"<p>Bon dia fam\u00edlies,<br \/>\nEnguany us hem fet esperar un xic per poder llegir-nos i veure&#8217;ns, per\u00f2 tot arriba.<br \/>\nAhir va ser un dia molt emotiu per alguns i algunes de nosaltres, feia molts i molts dies que no compart\u00edem el 1r dia de col\u00f2nies. Les ganes d&#8217;amistat,&hellip;  <a href=\"https:\/\/agora.xtec.cat\/ceip-santjordi-lleida\/portada\/colonies-empuries-1r-dia\/\" title=\"Read COL\u00d2NIES EMP\u00daRIES: 1r dia\">Llegeix m\u00e9s\u00bb<\/a><\/p>\n","protected":false},"author":5,"featured_media":29427,"comment_status":"open","ping_status":"closed","sticky":false,"template":"","format":"standard","meta":{"_bbp_topic_count":0,"_bbp_reply_count":0,"_bbp_total_topic_count":0,"_bbp_total_reply_count":0,"_bbp_voice_count":0,"_bbp_anonymous_reply_count":0,"_bbp_topic_count_hidden":0,"_bbp_reply_count_hidden":0,"_bbp_forum_subforum_count":0,"footnotes":""},"categories":[14,15,4,5,326],"tags":[434],"class_list":["post-29426","post","type-post","status-publish","format-standard","has-post-thumbnail","hentry","category-5e","category-6e","category-portada","category-primaria","category-sortides","tag-coloniescs"],"post_mailing_queue_ids":[],"_links":{"self":[{"href":"https:\/\/agora.xtec.cat\/ceip-santjordi-lleida\/wp-json\/wp\/v2\/posts\/29426","targetHints":{"allow":["GET"]}}],"collection":[{"href":"https:\/\/agora.xtec.cat\/ceip-santjordi-lleida\/wp-json\/wp\/v2\/posts"}],"about":[{"href":"https:\/\/agora.xtec.cat\/ceip-santjordi-lleida\/wp-json\/wp\/v2\/types\/post"}],"author":[{"embeddable":true,"href":"https:\/\/agora.xtec.cat\/ceip-santjordi-lleida\/wp-json\/wp\/v2\/users\/5"}],"replies":[{"embeddable":true,"href":"https:\/\/agora.xtec.cat\/ceip-santjordi-lleida\/wp-json\/wp\/v2\/comments?post=29426"}],"version-history":[{"count":2,"href":"https:\/\/agora.xtec.cat\/ceip-santjordi-lleida\/wp-json\/wp\/v2\/posts\/29426\/revisions"}],"predecessor-version":[{"id":29429,"href":"https:\/\/agora.xtec.cat\/ceip-santjordi-lleida\/wp-json\/wp\/v2\/posts\/29426\/revisions\/29429"}],"wp:featuredmedia":[{"embeddable":true,"href":"https:\/\/agora.xtec.cat\/ceip-santjordi-lleida\/wp-json\/wp\/v2\/media\/29427"}],"wp:attachment":[{"href":"https:\/\/agora.xtec.cat\/ceip-santjordi-lleida\/wp-json\/wp\/v2\/media?parent=29426"}],"wp:term":[{"taxonomy":"category","embeddable":true,"href":"https:\/\/agora.xtec.cat\/ceip-santjordi-lleida\/wp-json\/wp\/v2\/categories?post=29426"},{"taxonomy":"post_tag","embeddable":true,"href":"https:\/\/agora.xtec.cat\/ceip-santjordi-lleida\/wp-json\/wp\/v2\/tags?post=29426"}],"curies":[{"name":"wp","href":"https:\/\/api.w.org\/{rel}","templated":true}]}}