{"id":29415,"date":"2021-03-13T17:18:20","date_gmt":"2021-03-13T16:18:20","guid":{"rendered":"http:\/\/agora.xtec.cat\/ceip-santjordi-lleida\/?p=29415"},"modified":"2021-03-21T17:46:19","modified_gmt":"2021-03-21T16:46:19","slug":"canco-pujarem-dalt-dels-cims","status":"publish","type":"post","link":"https:\/\/agora.xtec.cat\/ceip-santjordi-lleida\/portada\/canco-pujarem-dalt-dels-cims\/","title":{"rendered":"CAN\u00c7\u00d3: Pujarem dalt dels cims"},"content":{"rendered":"<p>Aquesta \u00e9s una can\u00e7\u00f3 que hem utilitzat per cantar a c\u00e0non a m\u00e9s a m\u00e9s d&#8217;instrumentar-la amb plaques per ficar-hi una base harm\u00f2nica. El resultat aquest:<\/p>\n<p>TARONJA:<\/p>\n<p><iframe loading=\"lazy\" title=\"Pujarem dalt dels cimc cm taronja\" width=\"500\" height=\"281\" src=\"https:\/\/www.youtube.com\/embed\/-Ps-_A22Mww?feature=oembed\" frameborder=\"0\" allow=\"accelerometer; autoplay; clipboard-write; encrypted-media; gyroscope; picture-in-picture; web-share\" referrerpolicy=\"strict-origin-when-cross-origin\" allowfullscreen><\/iframe><\/p>\n<p>VERD:<\/p>\n<p><iframe loading=\"lazy\" title=\"Pujarem dalt cims cm verd\" width=\"500\" height=\"281\" src=\"https:\/\/www.youtube.com\/embed\/RUPYMoZvjlU?feature=oembed\" frameborder=\"0\" allow=\"accelerometer; autoplay; clipboard-write; encrypted-media; gyroscope; picture-in-picture; web-share\" referrerpolicy=\"strict-origin-when-cross-origin\" allowfullscreen><\/iframe><\/p>\n<p>LILA:<\/p>\n<p><iframe loading=\"lazy\" title=\"Pujarem dalt dels cims cm lila\" width=\"500\" height=\"281\" src=\"https:\/\/www.youtube.com\/embed\/wFB4TsglXoA?feature=oembed\" frameborder=\"0\" allow=\"accelerometer; autoplay; clipboard-write; encrypted-media; gyroscope; picture-in-picture; web-share\" referrerpolicy=\"strict-origin-when-cross-origin\" allowfullscreen><\/iframe><\/p>\n","protected":false},"excerpt":{"rendered":"<p>Aquesta \u00e9s una can\u00e7\u00f3 que hem utilitzat per cantar a c\u00e0non a m\u00e9s a m\u00e9s d&#8217;instrumentar-la amb plaques per ficar-hi una base harm\u00f2nica. El resultat aquest:<br \/>\nTARONJA:<\/p>\n<p>VERD:<\/p>\n<p>LILA:<\/p>\n","protected":false},"author":5,"featured_media":29416,"comment_status":"open","ping_status":"closed","sticky":false,"template":"","format":"standard","meta":{"_bbp_topic_count":0,"_bbp_reply_count":0,"_bbp_total_topic_count":0,"_bbp_total_reply_count":0,"_bbp_voice_count":0,"_bbp_anonymous_reply_count":0,"_bbp_topic_count_hidden":0,"_bbp_reply_count_hidden":0,"_bbp_forum_subforum_count":0,"footnotes":""},"categories":[12,13,320,4,5],"tags":[348],"class_list":["post-29415","post","type-post","status-publish","format-standard","has-post-thumbnail","hentry","category-3r","category-4t","category-musica","category-portada","category-primaria","tag-canco"],"post_mailing_queue_ids":[],"_links":{"self":[{"href":"https:\/\/agora.xtec.cat\/ceip-santjordi-lleida\/wp-json\/wp\/v2\/posts\/29415","targetHints":{"allow":["GET"]}}],"collection":[{"href":"https:\/\/agora.xtec.cat\/ceip-santjordi-lleida\/wp-json\/wp\/v2\/posts"}],"about":[{"href":"https:\/\/agora.xtec.cat\/ceip-santjordi-lleida\/wp-json\/wp\/v2\/types\/post"}],"author":[{"embeddable":true,"href":"https:\/\/agora.xtec.cat\/ceip-santjordi-lleida\/wp-json\/wp\/v2\/users\/5"}],"replies":[{"embeddable":true,"href":"https:\/\/agora.xtec.cat\/ceip-santjordi-lleida\/wp-json\/wp\/v2\/comments?post=29415"}],"version-history":[{"count":3,"href":"https:\/\/agora.xtec.cat\/ceip-santjordi-lleida\/wp-json\/wp\/v2\/posts\/29415\/revisions"}],"predecessor-version":[{"id":29436,"href":"https:\/\/agora.xtec.cat\/ceip-santjordi-lleida\/wp-json\/wp\/v2\/posts\/29415\/revisions\/29436"}],"wp:featuredmedia":[{"embeddable":true,"href":"https:\/\/agora.xtec.cat\/ceip-santjordi-lleida\/wp-json\/wp\/v2\/media\/29416"}],"wp:attachment":[{"href":"https:\/\/agora.xtec.cat\/ceip-santjordi-lleida\/wp-json\/wp\/v2\/media?parent=29415"}],"wp:term":[{"taxonomy":"category","embeddable":true,"href":"https:\/\/agora.xtec.cat\/ceip-santjordi-lleida\/wp-json\/wp\/v2\/categories?post=29415"},{"taxonomy":"post_tag","embeddable":true,"href":"https:\/\/agora.xtec.cat\/ceip-santjordi-lleida\/wp-json\/wp\/v2\/tags?post=29415"}],"curies":[{"name":"wp","href":"https:\/\/api.w.org\/{rel}","templated":true}]}}