{"id":29311,"date":"2021-03-05T13:06:14","date_gmt":"2021-03-05T12:06:14","guid":{"rendered":"http:\/\/agora.xtec.cat\/ceip-santjordi-lleida\/?p=29311"},"modified":"2021-04-22T13:45:03","modified_gmt":"2021-04-22T11:45:03","slug":"xxvi-diada-del-teatre","status":"publish","type":"post","link":"https:\/\/agora.xtec.cat\/ceip-santjordi-lleida\/infantil\/xxvi-diada-del-teatre\/","title":{"rendered":"XXVI diada del teatre: espectacle inaugural"},"content":{"rendered":"<p>Aquesta setmana hem celebrat la nostra 26a diada del teatre. Una diada marcada per la gran quantitat d&#8217;obres teatrals preparades per l&#8217;alumnat de l&#8217;escola, ja que enguany, amb la nova organitzaci\u00f3 d&#8217;aules, tenim 13 grups estables.<br \/>\nNo obstant, a conseq\u00fc\u00e8ncia de la pand\u00e8mia, tenim un grup estable confinat, el grup verd de CM. Des de l&#8217;escola us volem fer arribar una forta i c\u00e0lida abra\u00e7ada, a part de reculls de fotos i v\u00eddeos perqu\u00e8, si en teniu ganes, pugueu gaudir de la vostra diada des del confinament.<\/p>\n<p>Tranquils i tranquil\u00b7les que, en pic el grup de CM verd estigui a l&#8217;escola, farem quelcom especial perqu\u00e8 puguin viure una estona teatral m\u00e0gica com la que estem vivint nosaltres.<\/p>\n<p>Dijous 4 de mar\u00e7 vam fer la inauguraci\u00f3 amb una companyia teatral de luxe: <a href=\"https:\/\/zumzumteatre.com\/\" target=\"_blank\" rel=\"noopener noreferrer\">Els zum zum teatre<\/a>. Enguany l&#8217;espai esc\u00e8nic ha estat la pista del nostre pati i l&#8217;obra interpretada: &#8220;La gallina dels ous d&#8217;or&#8221;. Us en deixem el tr\u00e0iler a m\u00e9s a m\u00e9s d&#8217;un recull fotogr\u00e0fic del qu\u00e8 va ser la tarda inaugural.<\/p>\n<p><iframe loading=\"lazy\" title=\"Trailer La gallina dels ous d&#039;or\" width=\"500\" height=\"281\" src=\"https:\/\/www.youtube.com\/embed\/gwkWVCepltc?feature=oembed\" frameborder=\"0\" allow=\"accelerometer; autoplay; clipboard-write; encrypted-media; gyroscope; picture-in-picture; web-share\" referrerpolicy=\"strict-origin-when-cross-origin\" allowfullscreen><\/iframe><\/p>\n<p><em>Clica a la imatge per veure&#8217;n m\u00e9s.\u00a0<\/em><\/p>\n<p><a href=\"https:\/\/photos.app.goo.gl\/eJ1Gp9NY4Hy1kqLk9\" target=\"_blank\" rel=\"noopener noreferrer\"><img loading=\"lazy\" decoding=\"async\" class=\"alignnone size-large wp-image-29312\" src=\"https:\/\/agora.xtec.cat\/ceip-santjordi-lleida\/wp-content\/uploads\/usu1393\/2021\/03\/gallina_ous_or_02-1024x690.jpg\" alt=\"\" width=\"1024\" height=\"690\" srcset=\"https:\/\/agora.xtec.cat\/ceip-santjordi-lleida\/wp-content\/uploads\/usu1393\/2021\/03\/gallina_ous_or_02.jpg 1024w, https:\/\/agora.xtec.cat\/ceip-santjordi-lleida\/wp-content\/uploads\/usu1393\/2021\/03\/gallina_ous_or_02-300x202.jpg 300w, https:\/\/agora.xtec.cat\/ceip-santjordi-lleida\/wp-content\/uploads\/usu1393\/2021\/03\/gallina_ous_or_02-768x518.jpg 768w\" sizes=\"auto, (max-width: 1024px) 100vw, 1024px\" \/><\/a><\/p>\n<p>El nostre programa.<\/p>\n<p><a href=\"https:\/\/drive.google.com\/file\/d\/1zZVKTBFpVq-joJa0eUNvv886Ztk3voYy\/view?usp=sharing\" target=\"_blank\" rel=\"noopener noreferrer\">PROGRAMA<\/a><\/p>\n","protected":false},"excerpt":{"rendered":"<p>Aquesta setmana hem celebrat la nostra 26a diada del teatre. Una diada marcada per la gran quantitat d&#8217;obres teatrals preparades per l&#8217;alumnat de l&#8217;escola, ja que enguany, amb la nova organitzaci\u00f3 d&#8217;aules, tenim 13 grups estables.<br \/>\nNo obstant, a conseq\u00fc\u00e8ncia de la pand\u00e8mia, tenim un grup&hellip;  <a href=\"https:\/\/agora.xtec.cat\/ceip-santjordi-lleida\/infantil\/xxvi-diada-del-teatre\/\" title=\"Read XXVI diada del teatre: espectacle inaugural\">Llegeix m\u00e9s\u00bb<\/a><\/p>\n","protected":false},"author":5,"featured_media":29313,"comment_status":"open","ping_status":"closed","sticky":false,"template":"","format":"standard","meta":{"_bbp_topic_count":0,"_bbp_reply_count":0,"_bbp_total_topic_count":0,"_bbp_total_reply_count":0,"_bbp_voice_count":0,"_bbp_anonymous_reply_count":0,"_bbp_topic_count_hidden":0,"_bbp_reply_count_hidden":0,"_bbp_forum_subforum_count":0,"footnotes":""},"categories":[10,11,12,13,14,15,3,8,9,321,2,4,5],"tags":[383],"class_list":["post-29311","post","type-post","status-publish","format-standard","has-post-thumbnail","hentry","category-1r","category-2n","category-3r","category-4t","category-5e","category-6e","category-blava","category-groga","category-verda","category-festes","category-infantil","category-portada","category-primaria","tag-teatre"],"post_mailing_queue_ids":[],"_links":{"self":[{"href":"https:\/\/agora.xtec.cat\/ceip-santjordi-lleida\/wp-json\/wp\/v2\/posts\/29311","targetHints":{"allow":["GET"]}}],"collection":[{"href":"https:\/\/agora.xtec.cat\/ceip-santjordi-lleida\/wp-json\/wp\/v2\/posts"}],"about":[{"href":"https:\/\/agora.xtec.cat\/ceip-santjordi-lleida\/wp-json\/wp\/v2\/types\/post"}],"author":[{"embeddable":true,"href":"https:\/\/agora.xtec.cat\/ceip-santjordi-lleida\/wp-json\/wp\/v2\/users\/5"}],"replies":[{"embeddable":true,"href":"https:\/\/agora.xtec.cat\/ceip-santjordi-lleida\/wp-json\/wp\/v2\/comments?post=29311"}],"version-history":[{"count":3,"href":"https:\/\/agora.xtec.cat\/ceip-santjordi-lleida\/wp-json\/wp\/v2\/posts\/29311\/revisions"}],"predecessor-version":[{"id":29317,"href":"https:\/\/agora.xtec.cat\/ceip-santjordi-lleida\/wp-json\/wp\/v2\/posts\/29311\/revisions\/29317"}],"wp:featuredmedia":[{"embeddable":true,"href":"https:\/\/agora.xtec.cat\/ceip-santjordi-lleida\/wp-json\/wp\/v2\/media\/29313"}],"wp:attachment":[{"href":"https:\/\/agora.xtec.cat\/ceip-santjordi-lleida\/wp-json\/wp\/v2\/media?parent=29311"}],"wp:term":[{"taxonomy":"category","embeddable":true,"href":"https:\/\/agora.xtec.cat\/ceip-santjordi-lleida\/wp-json\/wp\/v2\/categories?post=29311"},{"taxonomy":"post_tag","embeddable":true,"href":"https:\/\/agora.xtec.cat\/ceip-santjordi-lleida\/wp-json\/wp\/v2\/tags?post=29311"}],"curies":[{"name":"wp","href":"https:\/\/api.w.org\/{rel}","templated":true}]}}