{"id":29298,"date":"2021-02-28T20:30:37","date_gmt":"2021-02-28T19:30:37","guid":{"rendered":"http:\/\/agora.xtec.cat\/ceip-santjordi-lleida\/?p=29298"},"modified":"2021-02-28T20:30:37","modified_gmt":"2021-02-28T19:30:37","slug":"taller-i-exposicio-al-caixaforum","status":"publish","type":"post","link":"https:\/\/agora.xtec.cat\/ceip-santjordi-lleida\/portada\/taller-i-exposicio-al-caixaforum\/","title":{"rendered":"Taller i exposici\u00f3 al CaixaF\u00f2rum"},"content":{"rendered":"<p style=\"text-align: right;\"><a href=\"https:\/\/photos.app.goo.gl\/ArozhiUXss8JRE8c6\" target=\"_blank\" rel=\"noopener noreferrer\"><img loading=\"lazy\" decoding=\"async\" class=\"aligncenter size-full wp-image-29299\" src=\"https:\/\/agora.xtec.cat\/ceip-santjordi-lleida\/wp-content\/uploads\/usu1393\/2021\/02\/lluna.jpg\" alt=\"\" width=\"500\" height=\"374\" srcset=\"https:\/\/agora.xtec.cat\/ceip-santjordi-lleida\/wp-content\/uploads\/usu1393\/2021\/02\/lluna.jpg 500w, https:\/\/agora.xtec.cat\/ceip-santjordi-lleida\/wp-content\/uploads\/usu1393\/2021\/02\/lluna-300x224.jpg 300w, https:\/\/agora.xtec.cat\/ceip-santjordi-lleida\/wp-content\/uploads\/usu1393\/2021\/02\/lluna-200x150.jpg 200w\" sizes=\"auto, (max-width: 500px) 100vw, 500px\" \/><\/a><span style=\"font-family: inherit; font-size: 1em;\"> Clique la foto per veure-les totes.\u00a0 \u00a0 \u00a0 \u00a0 \u00a0 \u00a0 \u00a0 \u00a0 \u00a0 \u00a0 \u00a0 \u00a0 \u00a0 \u00a0 \u00a0 \u00a0 \u00a0 \u00a0 \u00a0 \u00a0 \u00a0 \u00a0 \u00a0<\/span><\/p>\n<p><span style=\"font-family: inherit; font-size: 1em;\">El dia 24 de febrer la classe de CM taronja vam anar al CaixaF\u00f2rum.<\/span><\/p>\n<p>Primer vam esmorzar i jugar al parc de la vora i el Gerard ens va explicar perqu\u00e8 s&#8217;han fet els canals d&#8217;Urgell i altres amb l&#8217;aigua del riu Segre.<\/p>\n<p>Despr\u00e9s vam entrar al CaixaF\u00f2rum i vam pujar 5 pisos per fer un taller de ritmes d&#8217;\u00c0frica amb el David. Ens vam passar el pal de la pluja per presentar-nos, vam aprendre tres can\u00e7ons africanes i tamb\u00e9 camin\u00e0vem per l&#8217;espai fent ritmes amb el cos. Ens va agradar quan hav\u00edem de fer el ritme els nens i les nenes que els agradaven algunes coses com els espaguetis, l&#8217;esport, &#8230; Aquest taller ens va agradat molt i ens vam sentir molt alegres.<\/p>\n<p>En acabar vam baixar a veure l&#8217;exposici\u00f3 d\u2019Apollo 11 , que ens va explicar la Laia. Vam aprendre un munt de coses sobre aquesta primera expedici\u00f3 de l&#8217;home a la lluna i us en fem un resum del que m\u00e9s ens va sorprendre:<\/p>\n<ul>\n<li style=\"list-style-type: none;\">\n<ul>\n<li>L\u2019Apollo 11 aterr\u00e0 a la Lluna el\u00a020 de juliol\u00a0de 1969. En aquesta missi\u00f3, Armstrong i\u00a0Buzz Aldrin\u00a0van descendir del\u00a0m\u00f2dul lunar\u00a0i van passar dues hores i mitja explorant la Lluna mentre\u00a0Michael Collins\u00a0romania en \u00f2rbita en el\u00a0m\u00f2dul de comandament<\/li>\n<\/ul>\n<\/li>\n<\/ul>\n<ul>\n<li>Abans de pujar a la nau, els astronautes van haver de fer una dieta sense fibra, per no tenir gaire caca perqu\u00e8 havien de fer la caca en una bossa i posar una pastilla perqu\u00e8 no fes pudor.<\/li>\n<li>Vam veure el que menjaven durant l\u2019expedici\u00f3; bevien amb una canya. Dormien a la nau i no semblava gaire c\u00f2mode. Es veu que a la nau hi havia d\u2019haver el m\u00ednim de pes possible i per aix\u00f2 era petita i no hi havia llits.<\/li>\n<li>Vam poder veure fotos dels astronautes de veritat i uns maniqu\u00eds de com anaven vestits. Portaven moltes capes de roba i tot l\u2019equipament pesava m\u00e9s de 30 kgs; portaven dues viseres, una transparent i una altra amb una capa d\u2019or per protegir-se dels raigs del sol. Tamb\u00e9 portaven dos dip\u00f2sits : un d\u2019oxigen per respirar i un d\u2019aigua per refrescar-se la pell. Havien de caminar i moure\u2019s molt suaument.<\/li>\n<li>Hi ha un holograma de la Terra i la Lluna i de com es va enlairar el coet, com va ser el trajecte i com es va anant desmuntant en diferents parts al llarg del trajecte fins que va allunar. Sembla estrany que d\u2019un coet tan gran acabi arribant una nau tan petita..<\/li>\n<li>Hi havia una ampolla per simular com s\u2019enlaira un coet, una maqueta del coet i un telescopi d\u2019aquella \u00e8poca.<\/li>\n<li>A la Lluna la difer\u00e8ncia de la temperatura pot ser molt gra, de 150\u00ba sobre zero a 150\u00ba sota zero.<\/li>\n<li>L\u2019expedici\u00f3 va durar tota la setmana, va ser molt sorprenent veure com van amarar (aterrar al mig del\u00a0 mar).<\/li>\n<li>Al CaixaF\u00f2rum hi ha exposada una mostra d\u2019un meteorit.<\/li>\n<\/ul>\n<p>Va ser un mat\u00ed molt profit\u00f3s perqu\u00e8 vam aprendre molt sobre aquest fet hist\u00f2ric i les explicacions van ser molt interessants. Tot i aix\u00ed a alg\u00fa de la classe no li va agradar tant..<\/p>\n<p style=\"text-align: right;\"><em>Escrit entre tots\/es els nens\/es de la classe.<\/em><\/p>\n","protected":false},"excerpt":{"rendered":"<p><a href=\"https:\/\/photos.app.goo.gl\/ArozhiUXss8JRE8c6\" target=\"_blank\" rel=\"noopener noreferrer\"><\/a> Clique la foto per veure-les totes.\u00a0 \u00a0 \u00a0 \u00a0 \u00a0 \u00a0 \u00a0 \u00a0 \u00a0 \u00a0 \u00a0 \u00a0 \u00a0 \u00a0 \u00a0 \u00a0 \u00a0 \u00a0 \u00a0 \u00a0 \u00a0 \u00a0 \u00a0<br \/>\nEl dia 24 de febrer la classe de CM taronja vam anar al&hellip;  <a href=\"https:\/\/agora.xtec.cat\/ceip-santjordi-lleida\/portada\/taller-i-exposicio-al-caixaforum\/\" title=\"Read Taller i exposici\u00f3 al CaixaF\u00f2rum\">Llegeix m\u00e9s\u00bb<\/a><\/p>\n","protected":false},"author":10,"featured_media":29299,"comment_status":"open","ping_status":"closed","sticky":false,"template":"","format":"standard","meta":{"_bbp_topic_count":0,"_bbp_reply_count":0,"_bbp_total_topic_count":0,"_bbp_total_reply_count":0,"_bbp_voice_count":0,"_bbp_anonymous_reply_count":0,"_bbp_topic_count_hidden":0,"_bbp_reply_count_hidden":0,"_bbp_forum_subforum_count":0,"footnotes":""},"categories":[12,13,4,5,326],"tags":[368,412],"class_list":["post-29298","post","type-post","status-publish","format-standard","has-post-thumbnail","hentry","category-3r","category-4t","category-portada","category-primaria","category-sortides","tag-sortida","tag-taller"],"post_mailing_queue_ids":[],"_links":{"self":[{"href":"https:\/\/agora.xtec.cat\/ceip-santjordi-lleida\/wp-json\/wp\/v2\/posts\/29298","targetHints":{"allow":["GET"]}}],"collection":[{"href":"https:\/\/agora.xtec.cat\/ceip-santjordi-lleida\/wp-json\/wp\/v2\/posts"}],"about":[{"href":"https:\/\/agora.xtec.cat\/ceip-santjordi-lleida\/wp-json\/wp\/v2\/types\/post"}],"author":[{"embeddable":true,"href":"https:\/\/agora.xtec.cat\/ceip-santjordi-lleida\/wp-json\/wp\/v2\/users\/10"}],"replies":[{"embeddable":true,"href":"https:\/\/agora.xtec.cat\/ceip-santjordi-lleida\/wp-json\/wp\/v2\/comments?post=29298"}],"version-history":[{"count":1,"href":"https:\/\/agora.xtec.cat\/ceip-santjordi-lleida\/wp-json\/wp\/v2\/posts\/29298\/revisions"}],"predecessor-version":[{"id":29300,"href":"https:\/\/agora.xtec.cat\/ceip-santjordi-lleida\/wp-json\/wp\/v2\/posts\/29298\/revisions\/29300"}],"wp:featuredmedia":[{"embeddable":true,"href":"https:\/\/agora.xtec.cat\/ceip-santjordi-lleida\/wp-json\/wp\/v2\/media\/29299"}],"wp:attachment":[{"href":"https:\/\/agora.xtec.cat\/ceip-santjordi-lleida\/wp-json\/wp\/v2\/media?parent=29298"}],"wp:term":[{"taxonomy":"category","embeddable":true,"href":"https:\/\/agora.xtec.cat\/ceip-santjordi-lleida\/wp-json\/wp\/v2\/categories?post=29298"},{"taxonomy":"post_tag","embeddable":true,"href":"https:\/\/agora.xtec.cat\/ceip-santjordi-lleida\/wp-json\/wp\/v2\/tags?post=29298"}],"curies":[{"name":"wp","href":"https:\/\/api.w.org\/{rel}","templated":true}]}}