{"id":29287,"date":"2021-02-27T11:14:43","date_gmt":"2021-02-27T10:14:43","guid":{"rendered":"http:\/\/agora.xtec.cat\/ceip-santjordi-lleida\/?p=29287"},"modified":"2021-03-21T17:47:34","modified_gmt":"2021-03-21T16:47:34","slug":"ritme-i-moviment-3","status":"publish","type":"post","link":"https:\/\/agora.xtec.cat\/ceip-santjordi-lleida\/portada\/ritme-i-moviment-3\/","title":{"rendered":"RITME I MOVIMENT: fila de cercles"},"content":{"rendered":"<p>Aquest exercici de precisi\u00f3 r\u00edtmica ens va molt b\u00e9 fer-lo per anar agafant la din\u00e0mica del comp\u00e0s de 4 temps a part de saber caminar a ritme de negra mentre piquem una de les negres del comp\u00e0s, la 1a.<\/p>\n<p>TARONJA:<\/p>\n<p><iframe loading=\"lazy\" title=\"Fila de cercles ci taronja\" width=\"500\" height=\"281\" src=\"https:\/\/www.youtube.com\/embed\/JJ9veSkTZr0?feature=oembed\" frameborder=\"0\" allow=\"accelerometer; autoplay; clipboard-write; encrypted-media; gyroscope; picture-in-picture; web-share\" referrerpolicy=\"strict-origin-when-cross-origin\" allowfullscreen><\/iframe><\/p>\n<p>VERD:<\/p>\n<p><iframe loading=\"lazy\" title=\"Cercles ci verd\" width=\"500\" height=\"281\" src=\"https:\/\/www.youtube.com\/embed\/uNt_v6XZtIk?feature=oembed\" frameborder=\"0\" allow=\"accelerometer; autoplay; clipboard-write; encrypted-media; gyroscope; picture-in-picture; web-share\" referrerpolicy=\"strict-origin-when-cross-origin\" allowfullscreen><\/iframe><\/p>\n<p>LILA:<\/p>\n<p><iframe loading=\"lazy\" title=\"Cercles ci lila\" width=\"500\" height=\"281\" src=\"https:\/\/www.youtube.com\/embed\/y3nS4_HhaNY?feature=oembed\" frameborder=\"0\" allow=\"accelerometer; autoplay; clipboard-write; encrypted-media; gyroscope; picture-in-picture; web-share\" referrerpolicy=\"strict-origin-when-cross-origin\" allowfullscreen><\/iframe><\/p>\n","protected":false},"excerpt":{"rendered":"<p>Aquest exercici de precisi\u00f3 r\u00edtmica ens va molt b\u00e9 fer-lo per anar agafant la din\u00e0mica del comp\u00e0s de 4 temps a part de saber caminar a ritme de negra mentre piquem una de les negres del comp\u00e0s, la 1a.<br \/>\nTARONJA:<\/p>\n<p>VERD:<\/p>\n<p>LILA:<\/p>\n","protected":false},"author":5,"featured_media":29288,"comment_status":"open","ping_status":"closed","sticky":false,"template":"","format":"standard","meta":{"_bbp_topic_count":0,"_bbp_reply_count":0,"_bbp_total_topic_count":0,"_bbp_total_reply_count":0,"_bbp_voice_count":0,"_bbp_anonymous_reply_count":0,"_bbp_topic_count_hidden":0,"_bbp_reply_count_hidden":0,"_bbp_forum_subforum_count":0,"footnotes":""},"categories":[10,11,320,4,5],"tags":[400],"class_list":["post-29287","post","type-post","status-publish","format-standard","has-post-thumbnail","hentry","category-1r","category-2n","category-musica","category-portada","category-primaria","tag-ritme"],"post_mailing_queue_ids":[],"_links":{"self":[{"href":"https:\/\/agora.xtec.cat\/ceip-santjordi-lleida\/wp-json\/wp\/v2\/posts\/29287","targetHints":{"allow":["GET"]}}],"collection":[{"href":"https:\/\/agora.xtec.cat\/ceip-santjordi-lleida\/wp-json\/wp\/v2\/posts"}],"about":[{"href":"https:\/\/agora.xtec.cat\/ceip-santjordi-lleida\/wp-json\/wp\/v2\/types\/post"}],"author":[{"embeddable":true,"href":"https:\/\/agora.xtec.cat\/ceip-santjordi-lleida\/wp-json\/wp\/v2\/users\/5"}],"replies":[{"embeddable":true,"href":"https:\/\/agora.xtec.cat\/ceip-santjordi-lleida\/wp-json\/wp\/v2\/comments?post=29287"}],"version-history":[{"count":3,"href":"https:\/\/agora.xtec.cat\/ceip-santjordi-lleida\/wp-json\/wp\/v2\/posts\/29287\/revisions"}],"predecessor-version":[{"id":29437,"href":"https:\/\/agora.xtec.cat\/ceip-santjordi-lleida\/wp-json\/wp\/v2\/posts\/29287\/revisions\/29437"}],"wp:featuredmedia":[{"embeddable":true,"href":"https:\/\/agora.xtec.cat\/ceip-santjordi-lleida\/wp-json\/wp\/v2\/media\/29288"}],"wp:attachment":[{"href":"https:\/\/agora.xtec.cat\/ceip-santjordi-lleida\/wp-json\/wp\/v2\/media?parent=29287"}],"wp:term":[{"taxonomy":"category","embeddable":true,"href":"https:\/\/agora.xtec.cat\/ceip-santjordi-lleida\/wp-json\/wp\/v2\/categories?post=29287"},{"taxonomy":"post_tag","embeddable":true,"href":"https:\/\/agora.xtec.cat\/ceip-santjordi-lleida\/wp-json\/wp\/v2\/tags?post=29287"}],"curies":[{"name":"wp","href":"https:\/\/api.w.org\/{rel}","templated":true}]}}