{"id":29272,"date":"2021-02-25T22:46:59","date_gmt":"2021-02-25T21:46:59","guid":{"rendered":"http:\/\/agora.xtec.cat\/ceip-santjordi-lleida\/?p=29272"},"modified":"2021-02-27T10:42:15","modified_gmt":"2021-02-27T09:42:15","slug":"moviment-i-feel-good","status":"publish","type":"post","link":"https:\/\/agora.xtec.cat\/ceip-santjordi-lleida\/portada\/moviment-i-feel-good\/","title":{"rendered":"MOVIMENT: CS I feel good"},"content":{"rendered":"<p>Amb aquesta can\u00e7\u00f3, a part de passar-nos-ho b\u00e9, hem combinat ritmes, escoltat el fraseig, anticipar el fraseig, ocupaci\u00f3 espacial, expressi\u00f3&#8230;<\/p>\n<p>TARONJA:<\/p>\n<p>https:\/\/www.youtube.com\/watch?v=wLIBo_TV4Sk<\/p>\n<p>VERD:<\/p>\n<p><iframe loading=\"lazy\" title=\"I feel good cs verd\" width=\"500\" height=\"281\" src=\"https:\/\/www.youtube.com\/embed\/1ONjGT1yenk?feature=oembed\" frameborder=\"0\" allow=\"accelerometer; autoplay; clipboard-write; encrypted-media; gyroscope; picture-in-picture; web-share\" referrerpolicy=\"strict-origin-when-cross-origin\" allowfullscreen><\/iframe><\/p>\n<p>LILA:<\/p>\n<p><iframe loading=\"lazy\" title=\"I feel good cs lila\" width=\"500\" height=\"281\" src=\"https:\/\/www.youtube.com\/embed\/ZnV2sp4yxno?feature=oembed\" frameborder=\"0\" allow=\"accelerometer; autoplay; clipboard-write; encrypted-media; gyroscope; picture-in-picture; web-share\" referrerpolicy=\"strict-origin-when-cross-origin\" allowfullscreen><\/iframe><\/p>\n","protected":false},"excerpt":{"rendered":"<p>Amb aquesta can\u00e7\u00f3, a part de passar-nos-ho b\u00e9, hem combinat ritmes, escoltat el fraseig, anticipar el fraseig, ocupaci\u00f3 espacial, expressi\u00f3&#8230;<br \/>\nTARONJA:<br \/>\nhttps:\/\/www.youtube.com\/watch?v=wLIBo_TV4Sk<br \/>\nVERD:<\/p>\n<p>LILA:<\/p>\n","protected":false},"author":5,"featured_media":29273,"comment_status":"open","ping_status":"closed","sticky":false,"template":"","format":"standard","meta":{"_bbp_topic_count":0,"_bbp_reply_count":0,"_bbp_total_topic_count":0,"_bbp_total_reply_count":0,"_bbp_voice_count":0,"_bbp_anonymous_reply_count":0,"_bbp_topic_count_hidden":0,"_bbp_reply_count_hidden":0,"_bbp_forum_subforum_count":0,"footnotes":""},"categories":[14,15,320,4,5],"tags":[357],"class_list":["post-29272","post","type-post","status-publish","format-standard","has-post-thumbnail","hentry","category-5e","category-6e","category-musica","category-portada","category-primaria","tag-moviment"],"post_mailing_queue_ids":[],"_links":{"self":[{"href":"https:\/\/agora.xtec.cat\/ceip-santjordi-lleida\/wp-json\/wp\/v2\/posts\/29272","targetHints":{"allow":["GET"]}}],"collection":[{"href":"https:\/\/agora.xtec.cat\/ceip-santjordi-lleida\/wp-json\/wp\/v2\/posts"}],"about":[{"href":"https:\/\/agora.xtec.cat\/ceip-santjordi-lleida\/wp-json\/wp\/v2\/types\/post"}],"author":[{"embeddable":true,"href":"https:\/\/agora.xtec.cat\/ceip-santjordi-lleida\/wp-json\/wp\/v2\/users\/5"}],"replies":[{"embeddable":true,"href":"https:\/\/agora.xtec.cat\/ceip-santjordi-lleida\/wp-json\/wp\/v2\/comments?post=29272"}],"version-history":[{"count":2,"href":"https:\/\/agora.xtec.cat\/ceip-santjordi-lleida\/wp-json\/wp\/v2\/posts\/29272\/revisions"}],"predecessor-version":[{"id":29275,"href":"https:\/\/agora.xtec.cat\/ceip-santjordi-lleida\/wp-json\/wp\/v2\/posts\/29272\/revisions\/29275"}],"wp:featuredmedia":[{"embeddable":true,"href":"https:\/\/agora.xtec.cat\/ceip-santjordi-lleida\/wp-json\/wp\/v2\/media\/29273"}],"wp:attachment":[{"href":"https:\/\/agora.xtec.cat\/ceip-santjordi-lleida\/wp-json\/wp\/v2\/media?parent=29272"}],"wp:term":[{"taxonomy":"category","embeddable":true,"href":"https:\/\/agora.xtec.cat\/ceip-santjordi-lleida\/wp-json\/wp\/v2\/categories?post=29272"},{"taxonomy":"post_tag","embeddable":true,"href":"https:\/\/agora.xtec.cat\/ceip-santjordi-lleida\/wp-json\/wp\/v2\/tags?post=29272"}],"curies":[{"name":"wp","href":"https:\/\/api.w.org\/{rel}","templated":true}]}}