{"id":29208,"date":"2021-02-08T19:15:16","date_gmt":"2021-02-08T18:15:16","guid":{"rendered":"http:\/\/agora.xtec.cat\/ceip-santjordi-lleida\/?p=29208"},"modified":"2021-02-08T19:15:16","modified_gmt":"2021-02-08T18:15:16","slug":"creacio-els-exploradors-cm-taronja","status":"publish","type":"post","link":"https:\/\/agora.xtec.cat\/ceip-santjordi-lleida\/portada\/creacio-els-exploradors-cm-taronja\/","title":{"rendered":"CREACI\u00d3: Els exploradors CM taronja"},"content":{"rendered":"<p>Del llibre &#8220;Festa de disfresses&#8221; hem agafat la pe\u00e7a &#8220;Els exploradors&#8221;. Aquesta pe\u00e7a \u00e9s un Rond\u00f3, de tal manera que sempre es va repetint una frase: la A, alternada d&#8217;altres frases diferents: la B, C, D, E&#8230;<\/p>\n<p>Nosaltres, a la frase A ens hem imaginat que som uns exploradors i exploradores que ens endins\u00e0vem a la selva, sabana o qualsevol lloc ple de vegetaci\u00f3, i intent\u00e0vem caminar tallant les herbes que ens trob\u00e0vem pel cam\u00ed i ens barraven el pas.<\/p>\n<p>Per grups hem fet una creaci\u00f3 d&#8217;all\u00f2 que ens imagin\u00e0vem que ens passava o que v\u00e8iem a la resta de frases musicals.<\/p>\n<p>El resultat ha estat una dramatitzaci\u00f3 creativa tenint en compte les frases musicals, el car\u00e0cter, les din\u00e0miques&#8230;<\/p>\n<p>Sabeu qu\u00e8 ens passa en cada frase musical???<\/p>\n<p><iframe loading=\"lazy\" title=\"Exploradors cm taronja 01\" width=\"500\" height=\"281\" src=\"https:\/\/www.youtube.com\/embed\/LPQt7uVOcSo?feature=oembed\" frameborder=\"0\" allow=\"accelerometer; autoplay; clipboard-write; encrypted-media; gyroscope; picture-in-picture; web-share\" referrerpolicy=\"strict-origin-when-cross-origin\" allowfullscreen><\/iframe><\/p>\n<p><iframe loading=\"lazy\" title=\"Exploradors cm taronja 02\" width=\"500\" height=\"281\" src=\"https:\/\/www.youtube.com\/embed\/KUAmPJkGcy8?feature=oembed\" frameborder=\"0\" allow=\"accelerometer; autoplay; clipboard-write; encrypted-media; gyroscope; picture-in-picture; web-share\" referrerpolicy=\"strict-origin-when-cross-origin\" allowfullscreen><\/iframe><\/p>\n<p><iframe loading=\"lazy\" title=\"Exploradors cm taronja 03\" width=\"500\" height=\"281\" src=\"https:\/\/www.youtube.com\/embed\/mji1HsNIeAQ?feature=oembed\" frameborder=\"0\" allow=\"accelerometer; autoplay; clipboard-write; encrypted-media; gyroscope; picture-in-picture; web-share\" referrerpolicy=\"strict-origin-when-cross-origin\" allowfullscreen><\/iframe><\/p>\n","protected":false},"excerpt":{"rendered":"<p>Del llibre &#8220;Festa de disfresses&#8221; hem agafat la pe\u00e7a &#8220;Els exploradors&#8221;. Aquesta pe\u00e7a \u00e9s un Rond\u00f3, de tal manera que sempre es va repetint una frase: la A, alternada d&#8217;altres frases diferents: la B, C, D, E&#8230;<br \/>\nNosaltres, a la frase A ens hem imaginat que&hellip;  <a href=\"https:\/\/agora.xtec.cat\/ceip-santjordi-lleida\/portada\/creacio-els-exploradors-cm-taronja\/\" title=\"Read CREACI\u00d3: Els exploradors CM taronja\">Llegeix m\u00e9s\u00bb<\/a><\/p>\n","protected":false},"author":5,"featured_media":29209,"comment_status":"open","ping_status":"closed","sticky":false,"template":"","format":"standard","meta":{"_bbp_topic_count":0,"_bbp_reply_count":0,"_bbp_total_topic_count":0,"_bbp_total_reply_count":0,"_bbp_voice_count":0,"_bbp_anonymous_reply_count":0,"_bbp_topic_count_hidden":0,"_bbp_reply_count_hidden":0,"_bbp_forum_subforum_count":0,"footnotes":""},"categories":[12,13,320,4,5],"tags":[438],"class_list":["post-29208","post","type-post","status-publish","format-standard","has-post-thumbnail","hentry","category-3r","category-4t","category-musica","category-portada","category-primaria","tag-creacions"],"post_mailing_queue_ids":[],"_links":{"self":[{"href":"https:\/\/agora.xtec.cat\/ceip-santjordi-lleida\/wp-json\/wp\/v2\/posts\/29208","targetHints":{"allow":["GET"]}}],"collection":[{"href":"https:\/\/agora.xtec.cat\/ceip-santjordi-lleida\/wp-json\/wp\/v2\/posts"}],"about":[{"href":"https:\/\/agora.xtec.cat\/ceip-santjordi-lleida\/wp-json\/wp\/v2\/types\/post"}],"author":[{"embeddable":true,"href":"https:\/\/agora.xtec.cat\/ceip-santjordi-lleida\/wp-json\/wp\/v2\/users\/5"}],"replies":[{"embeddable":true,"href":"https:\/\/agora.xtec.cat\/ceip-santjordi-lleida\/wp-json\/wp\/v2\/comments?post=29208"}],"version-history":[{"count":1,"href":"https:\/\/agora.xtec.cat\/ceip-santjordi-lleida\/wp-json\/wp\/v2\/posts\/29208\/revisions"}],"predecessor-version":[{"id":29210,"href":"https:\/\/agora.xtec.cat\/ceip-santjordi-lleida\/wp-json\/wp\/v2\/posts\/29208\/revisions\/29210"}],"wp:featuredmedia":[{"embeddable":true,"href":"https:\/\/agora.xtec.cat\/ceip-santjordi-lleida\/wp-json\/wp\/v2\/media\/29209"}],"wp:attachment":[{"href":"https:\/\/agora.xtec.cat\/ceip-santjordi-lleida\/wp-json\/wp\/v2\/media?parent=29208"}],"wp:term":[{"taxonomy":"category","embeddable":true,"href":"https:\/\/agora.xtec.cat\/ceip-santjordi-lleida\/wp-json\/wp\/v2\/categories?post=29208"},{"taxonomy":"post_tag","embeddable":true,"href":"https:\/\/agora.xtec.cat\/ceip-santjordi-lleida\/wp-json\/wp\/v2\/tags?post=29208"}],"curies":[{"name":"wp","href":"https:\/\/api.w.org\/{rel}","templated":true}]}}