{"id":29189,"date":"2021-01-30T21:46:43","date_gmt":"2021-01-30T20:46:43","guid":{"rendered":"http:\/\/agora.xtec.cat\/ceip-santjordi-lleida\/?p=29189"},"modified":"2021-01-30T21:50:34","modified_gmt":"2021-01-30T20:50:34","slug":"sortida-al-teatre-de-lescorxador","status":"publish","type":"post","link":"https:\/\/agora.xtec.cat\/ceip-santjordi-lleida\/general\/sortida-al-teatre-de-lescorxador\/","title":{"rendered":"Sortida al Teatre de l&#8217;Escorxador"},"content":{"rendered":"<p><a href=\"https:\/\/photos.app.goo.gl\/HZ5eShgEsLchG5sP8\" target=\"_blank\" rel=\"noopener noreferrer\"><img loading=\"lazy\" decoding=\"async\" class=\"aligncenter size-full wp-image-29205\" src=\"https:\/\/agora.xtec.cat\/ceip-santjordi-lleida\/wp-content\/uploads\/usu1393\/2021\/01\/portada.jpg\" alt=\"\" width=\"500\" height=\"374\" srcset=\"https:\/\/agora.xtec.cat\/ceip-santjordi-lleida\/wp-content\/uploads\/usu1393\/2021\/01\/portada.jpg 500w, https:\/\/agora.xtec.cat\/ceip-santjordi-lleida\/wp-content\/uploads\/usu1393\/2021\/01\/portada-300x224.jpg 300w, https:\/\/agora.xtec.cat\/ceip-santjordi-lleida\/wp-content\/uploads\/usu1393\/2021\/01\/portada-200x150.jpg 200w\" sizes=\"auto, (max-width: 500px) 100vw, 500px\" \/><\/a>El 26 de gener, les classes de CM taronja\u00a0 i verd\u00a0 vam anar a veure una obra de teatre a l\u2019Escorxador.<\/p>\n<p>L\u2019obra es deia \u201c Polzet\u201d i la representaven dos actors de la companyia Zum Zum.\u00a0 L\u2019obra tractava d\u2019un padr\u00ed que tenia Alzheimer i el seu fill li feia recordar la hist\u00f2ria del Polzet per poder treure-li el pijama. Mentre explicaven el conte, l\u2019anaven representant. El fill tamb\u00e9 feia els preparatius per portar-lo a una resid\u00e8ncia i el padr\u00ed se n\u2019adonava i es guardava trossos de pa a les butxaques per fer com en Polzet.<\/p>\n<p>L\u2019obra ens va agradar molt perqu\u00e8 feia gr\u00e0cia i ho representaven molt b\u00e9. Ens vam adonar de que el padr\u00ed, tot i que ens feia riure, tamb\u00e9 ens feia pena i ens va commoure el fet que no volia anar a la resid\u00e8ncia per\u00f2 hi havia d\u2019anar perqu\u00e8 el fill no el podia cuidar tot el dia.<\/p>\n<p>Recomanem aquesta obra a les fam\u00edlies. Algunes de les fotos fetes les podeu veure clicant la imatge:<\/p>\n<p style=\"text-align: right;\">Escrit per les nenes i els nens de la classe de CM taronja.<\/p>\n","protected":false},"excerpt":{"rendered":"<p><a href=\"https:\/\/photos.app.goo.gl\/HZ5eShgEsLchG5sP8\" target=\"_blank\" rel=\"noopener noreferrer\"><\/a>El 26 de gener, les classes de CM taronja\u00a0 i verd\u00a0 vam anar a veure una obra de teatre a l\u2019Escorxador.<br \/>\nL\u2019obra es deia \u201c Polzet\u201d i la representaven dos actors de la companyia Zum Zum.\u00a0 L\u2019obra tractava d\u2019un padr\u00ed que tenia&hellip;  <a href=\"https:\/\/agora.xtec.cat\/ceip-santjordi-lleida\/general\/sortida-al-teatre-de-lescorxador\/\" title=\"Read Sortida al Teatre de l&#8217;Escorxador\">Llegeix m\u00e9s\u00bb<\/a><\/p>\n","protected":false},"author":10,"featured_media":29205,"comment_status":"open","ping_status":"closed","sticky":false,"template":"","format":"standard","meta":{"_bbp_topic_count":0,"_bbp_reply_count":0,"_bbp_total_topic_count":0,"_bbp_total_reply_count":0,"_bbp_voice_count":0,"_bbp_anonymous_reply_count":0,"_bbp_topic_count_hidden":0,"_bbp_reply_count_hidden":0,"_bbp_forum_subforum_count":0,"footnotes":""},"categories":[12,13,1,4,5,326],"tags":[453,368,383],"class_list":["post-29189","post","type-post","status-publish","format-standard","has-post-thumbnail","hentry","category-3r","category-4t","category-general","category-portada","category-primaria","category-sortides","tag-redactat-pels-alumnes","tag-sortida","tag-teatre"],"post_mailing_queue_ids":[],"_links":{"self":[{"href":"https:\/\/agora.xtec.cat\/ceip-santjordi-lleida\/wp-json\/wp\/v2\/posts\/29189","targetHints":{"allow":["GET"]}}],"collection":[{"href":"https:\/\/agora.xtec.cat\/ceip-santjordi-lleida\/wp-json\/wp\/v2\/posts"}],"about":[{"href":"https:\/\/agora.xtec.cat\/ceip-santjordi-lleida\/wp-json\/wp\/v2\/types\/post"}],"author":[{"embeddable":true,"href":"https:\/\/agora.xtec.cat\/ceip-santjordi-lleida\/wp-json\/wp\/v2\/users\/10"}],"replies":[{"embeddable":true,"href":"https:\/\/agora.xtec.cat\/ceip-santjordi-lleida\/wp-json\/wp\/v2\/comments?post=29189"}],"version-history":[{"count":3,"href":"https:\/\/agora.xtec.cat\/ceip-santjordi-lleida\/wp-json\/wp\/v2\/posts\/29189\/revisions"}],"predecessor-version":[{"id":29207,"href":"https:\/\/agora.xtec.cat\/ceip-santjordi-lleida\/wp-json\/wp\/v2\/posts\/29189\/revisions\/29207"}],"wp:featuredmedia":[{"embeddable":true,"href":"https:\/\/agora.xtec.cat\/ceip-santjordi-lleida\/wp-json\/wp\/v2\/media\/29205"}],"wp:attachment":[{"href":"https:\/\/agora.xtec.cat\/ceip-santjordi-lleida\/wp-json\/wp\/v2\/media?parent=29189"}],"wp:term":[{"taxonomy":"category","embeddable":true,"href":"https:\/\/agora.xtec.cat\/ceip-santjordi-lleida\/wp-json\/wp\/v2\/categories?post=29189"},{"taxonomy":"post_tag","embeddable":true,"href":"https:\/\/agora.xtec.cat\/ceip-santjordi-lleida\/wp-json\/wp\/v2\/tags?post=29189"}],"curies":[{"name":"wp","href":"https:\/\/api.w.org\/{rel}","templated":true}]}}