{"id":29178,"date":"2021-01-21T11:31:11","date_gmt":"2021-01-21T10:31:11","guid":{"rendered":"http:\/\/agora.xtec.cat\/ceip-santjordi-lleida\/?p=29178"},"modified":"2021-01-21T11:31:45","modified_gmt":"2021-01-21T10:31:45","slug":"audicio-el-pere-i-el-llop-2","status":"publish","type":"post","link":"https:\/\/agora.xtec.cat\/ceip-santjordi-lleida\/portada\/audicio-el-pere-i-el-llop-2\/","title":{"rendered":"AUDICI\u00d3: El Pere i el llop"},"content":{"rendered":"<p>Per fi, els nens i nenes del CI ens n&#8217;hem pogut anar a l&#8217;Auditori a escoltar i gaudir d&#8217;una de les audicions m\u00e9s m\u00edtiques pensades per a la canalla: El Pere i el Llop. Avui, dia 21 hi hem anat el CI verd i lila i dem\u00e0 el CI taronja.<\/p>\n<p>Pere i el Llop \u00e9s un cl\u00e0ssic dels contes musicals. L\u2019espectacle est\u00e0 format per 7 ballarins, 7 m\u00fasics i 1 director musical. Aquesta producci\u00f3 de petit format facilita la proximitat entre els int\u00e8rprets i el p\u00fablic, fent-lo part\u00edcip i protagonista. La coreografia es porta a la m\u00e0xima expressivitat jugant amb l\u2019exageraci\u00f3, la m\u00edmica i la caracteritzaci\u00f3.<br \/>\nEn aquest conte hem conegut les aventures del Pere, que molt valent, s\u2019enfronta al terrible llop del bosc per salvar als seus amics.<br \/>\nEl Ballet de Barcelona i LleidArt Ensemble s\u2019uneixen per oferir un espectacle on la dansa i la m\u00fasica s\u00f3n els protagonistes amb int\u00e8rprets d\u2019ambdues disciplines. M\u00e9s enll\u00e0 del coneixement d\u2019ambdues disciplines, es tracten valors, com la desinhibici\u00f3, l\u2019eliminaci\u00f3 dels prejudicis, la comunicaci\u00f3 molt m\u00e9s enll\u00e0 del llenguatge, la capacitat d\u2019expressar sentiments, la realitzaci\u00f3 de les il\u00b7lusions, el foment de la disciplina i el respecte per mitj\u00e0 de l\u2019art.<\/p>\n<p>Nosaltres estem treballant aquest conte musical a l&#8217;aula de m\u00fasica i anirem penjant v\u00eddeos, jocs i propostes al <a href=\"https:\/\/classroom.google.com\/u\/0\/h\" target=\"_blank\" rel=\"noopener noreferrer\">classroom<\/a>.<\/p>\n<p>Us deixem un recull en format foto de l&#8217;espectacle.<\/p>\n<p><a href=\"https:\/\/photos.app.goo.gl\/1Fuy6BGXqJ8gZV7DA\" target=\"_blank\" rel=\"noopener noreferrer\"><img loading=\"lazy\" decoding=\"async\" class=\"alignnone wp-image-29179 size-large\" src=\"https:\/\/agora.xtec.cat\/ceip-santjordi-lleida\/wp-content\/uploads\/usu1393\/2021\/01\/PHOTO-2021-01-21-10-27-43-1024x461.jpg\" alt=\"\" width=\"1024\" height=\"461\" srcset=\"https:\/\/agora.xtec.cat\/ceip-santjordi-lleida\/wp-content\/uploads\/usu1393\/2021\/01\/PHOTO-2021-01-21-10-27-43-1024x461.jpg 1024w, https:\/\/agora.xtec.cat\/ceip-santjordi-lleida\/wp-content\/uploads\/usu1393\/2021\/01\/PHOTO-2021-01-21-10-27-43-300x135.jpg 300w, https:\/\/agora.xtec.cat\/ceip-santjordi-lleida\/wp-content\/uploads\/usu1393\/2021\/01\/PHOTO-2021-01-21-10-27-43-768x346.jpg 768w, https:\/\/agora.xtec.cat\/ceip-santjordi-lleida\/wp-content\/uploads\/usu1393\/2021\/01\/PHOTO-2021-01-21-10-27-43.jpg 1600w\" sizes=\"auto, (max-width: 1024px) 100vw, 1024px\" \/><\/a><\/p>\n<p>&nbsp;<\/p>\n","protected":false},"excerpt":{"rendered":"<p>Per fi, els nens i nenes del CI ens n&#8217;hem pogut anar a l&#8217;Auditori a escoltar i gaudir d&#8217;una de les audicions m\u00e9s m\u00edtiques pensades per a la canalla: El Pere i el Llop. Avui, dia 21 hi hem anat el CI verd i lila&hellip;  <a href=\"https:\/\/agora.xtec.cat\/ceip-santjordi-lleida\/portada\/audicio-el-pere-i-el-llop-2\/\" title=\"Read AUDICI\u00d3: El Pere i el llop\">Llegeix m\u00e9s\u00bb<\/a><\/p>\n","protected":false},"author":5,"featured_media":29179,"comment_status":"open","ping_status":"closed","sticky":false,"template":"","format":"standard","meta":{"_bbp_topic_count":0,"_bbp_reply_count":0,"_bbp_total_topic_count":0,"_bbp_total_reply_count":0,"_bbp_voice_count":0,"_bbp_anonymous_reply_count":0,"_bbp_topic_count_hidden":0,"_bbp_reply_count_hidden":0,"_bbp_forum_subforum_count":0,"footnotes":""},"categories":[10,11,320,4,5],"tags":[350],"class_list":["post-29178","post","type-post","status-publish","format-standard","has-post-thumbnail","hentry","category-1r","category-2n","category-musica","category-portada","category-primaria","tag-audicio"],"post_mailing_queue_ids":[],"_links":{"self":[{"href":"https:\/\/agora.xtec.cat\/ceip-santjordi-lleida\/wp-json\/wp\/v2\/posts\/29178","targetHints":{"allow":["GET"]}}],"collection":[{"href":"https:\/\/agora.xtec.cat\/ceip-santjordi-lleida\/wp-json\/wp\/v2\/posts"}],"about":[{"href":"https:\/\/agora.xtec.cat\/ceip-santjordi-lleida\/wp-json\/wp\/v2\/types\/post"}],"author":[{"embeddable":true,"href":"https:\/\/agora.xtec.cat\/ceip-santjordi-lleida\/wp-json\/wp\/v2\/users\/5"}],"replies":[{"embeddable":true,"href":"https:\/\/agora.xtec.cat\/ceip-santjordi-lleida\/wp-json\/wp\/v2\/comments?post=29178"}],"version-history":[{"count":1,"href":"https:\/\/agora.xtec.cat\/ceip-santjordi-lleida\/wp-json\/wp\/v2\/posts\/29178\/revisions"}],"predecessor-version":[{"id":29180,"href":"https:\/\/agora.xtec.cat\/ceip-santjordi-lleida\/wp-json\/wp\/v2\/posts\/29178\/revisions\/29180"}],"wp:featuredmedia":[{"embeddable":true,"href":"https:\/\/agora.xtec.cat\/ceip-santjordi-lleida\/wp-json\/wp\/v2\/media\/29179"}],"wp:attachment":[{"href":"https:\/\/agora.xtec.cat\/ceip-santjordi-lleida\/wp-json\/wp\/v2\/media?parent=29178"}],"wp:term":[{"taxonomy":"category","embeddable":true,"href":"https:\/\/agora.xtec.cat\/ceip-santjordi-lleida\/wp-json\/wp\/v2\/categories?post=29178"},{"taxonomy":"post_tag","embeddable":true,"href":"https:\/\/agora.xtec.cat\/ceip-santjordi-lleida\/wp-json\/wp\/v2\/tags?post=29178"}],"curies":[{"name":"wp","href":"https:\/\/api.w.org\/{rel}","templated":true}]}}