{"id":29098,"date":"2020-12-22T16:51:57","date_gmt":"2020-12-22T15:51:57","guid":{"rendered":"http:\/\/agora.xtec.cat\/ceip-santjordi-lleida\/?p=29098"},"modified":"2020-12-22T16:51:57","modified_gmt":"2020-12-22T15:51:57","slug":"assaig-de-lescena-haikus-areis","status":"publish","type":"post","link":"https:\/\/agora.xtec.cat\/ceip-santjordi-lleida\/portada\/assaig-de-lescena-haikus-areis\/","title":{"rendered":"ASSAIG DE L&#8217;ESCENA: Haikus areis"},"content":{"rendered":"<p>Aquesta \u00e9s un fusi\u00f3 de dues miniatures \u00edntimes. D&#8217;una banda hi ha l&#8217;escena a\u00e8ria (interpretada per l&#8217;Anna C i tres nens i nenes de CI, el Pablo, la Laia i l&#8217;Aina) i d&#8217;una altra una exposici\u00f3 de &#8220;Haikus&#8221; que han creat els nens i nenes de Cs que est\u00e0 musicada amb ambientaci\u00f3 sonora per l&#8217;Ivan R, el Jordi C i el Joel C.<\/p>\n<p><iframe loading=\"lazy\" title=\"Haikus aeris\" width=\"500\" height=\"281\" src=\"https:\/\/www.youtube.com\/embed\/HuL30RBfh_U?feature=oembed\" frameborder=\"0\" allow=\"accelerometer; autoplay; clipboard-write; encrypted-media; gyroscope; picture-in-picture; web-share\" referrerpolicy=\"strict-origin-when-cross-origin\" allowfullscreen><\/iframe><\/p>\n<p>&nbsp;<\/p>\n","protected":false},"excerpt":{"rendered":"<p>Aquesta \u00e9s un fusi\u00f3 de dues miniatures \u00edntimes. D&#8217;una banda hi ha l&#8217;escena a\u00e8ria (interpretada per l&#8217;Anna C i tres nens i nenes de CI, el Pablo, la Laia i l&#8217;Aina) i d&#8217;una altra una exposici\u00f3 de &#8220;Haikus&#8221; que han creat els nens i nenes&hellip;  <a href=\"https:\/\/agora.xtec.cat\/ceip-santjordi-lleida\/portada\/assaig-de-lescena-haikus-areis\/\" title=\"Read ASSAIG DE L&#8217;ESCENA: Haikus areis\">Llegeix m\u00e9s\u00bb<\/a><\/p>\n","protected":false},"author":5,"featured_media":29099,"comment_status":"open","ping_status":"closed","sticky":false,"template":"","format":"standard","meta":{"_bbp_topic_count":0,"_bbp_reply_count":0,"_bbp_total_topic_count":0,"_bbp_total_reply_count":0,"_bbp_voice_count":0,"_bbp_anonymous_reply_count":0,"_bbp_topic_count_hidden":0,"_bbp_reply_count_hidden":0,"_bbp_forum_subforum_count":0,"footnotes":""},"categories":[10,11,14,15,321,320,4,5],"tags":[374,371],"class_list":["post-29098","post","type-post","status-publish","format-standard","has-post-thumbnail","hentry","category-1r","category-2n","category-5e","category-6e","category-festes","category-musica","category-portada","category-primaria","tag-dramatitzacio","tag-festa-de-nadal"],"post_mailing_queue_ids":[],"_links":{"self":[{"href":"https:\/\/agora.xtec.cat\/ceip-santjordi-lleida\/wp-json\/wp\/v2\/posts\/29098","targetHints":{"allow":["GET"]}}],"collection":[{"href":"https:\/\/agora.xtec.cat\/ceip-santjordi-lleida\/wp-json\/wp\/v2\/posts"}],"about":[{"href":"https:\/\/agora.xtec.cat\/ceip-santjordi-lleida\/wp-json\/wp\/v2\/types\/post"}],"author":[{"embeddable":true,"href":"https:\/\/agora.xtec.cat\/ceip-santjordi-lleida\/wp-json\/wp\/v2\/users\/5"}],"replies":[{"embeddable":true,"href":"https:\/\/agora.xtec.cat\/ceip-santjordi-lleida\/wp-json\/wp\/v2\/comments?post=29098"}],"version-history":[{"count":1,"href":"https:\/\/agora.xtec.cat\/ceip-santjordi-lleida\/wp-json\/wp\/v2\/posts\/29098\/revisions"}],"predecessor-version":[{"id":29100,"href":"https:\/\/agora.xtec.cat\/ceip-santjordi-lleida\/wp-json\/wp\/v2\/posts\/29098\/revisions\/29100"}],"wp:featuredmedia":[{"embeddable":true,"href":"https:\/\/agora.xtec.cat\/ceip-santjordi-lleida\/wp-json\/wp\/v2\/media\/29099"}],"wp:attachment":[{"href":"https:\/\/agora.xtec.cat\/ceip-santjordi-lleida\/wp-json\/wp\/v2\/media?parent=29098"}],"wp:term":[{"taxonomy":"category","embeddable":true,"href":"https:\/\/agora.xtec.cat\/ceip-santjordi-lleida\/wp-json\/wp\/v2\/categories?post=29098"},{"taxonomy":"post_tag","embeddable":true,"href":"https:\/\/agora.xtec.cat\/ceip-santjordi-lleida\/wp-json\/wp\/v2\/tags?post=29098"}],"curies":[{"name":"wp","href":"https:\/\/api.w.org\/{rel}","templated":true}]}}