{"id":29095,"date":"2020-12-22T16:48:17","date_gmt":"2020-12-22T15:48:17","guid":{"rendered":"http:\/\/agora.xtec.cat\/ceip-santjordi-lleida\/?p=29095"},"modified":"2020-12-22T16:48:17","modified_gmt":"2020-12-22T15:48:17","slug":"assaig-de-lescena-prec-de-nadal","status":"publish","type":"post","link":"https:\/\/agora.xtec.cat\/ceip-santjordi-lleida\/portada\/assaig-de-lescena-prec-de-nadal\/","title":{"rendered":"ASSAIG DE L&#8217;ESCENA: Prec de Nadal"},"content":{"rendered":"<p>Una de les miniatures \u00edntimes que faran el Joan Solans i el Joan R Morreres, ser\u00e0 un rac\u00f3 literari on s&#8217;interpretaran dues poesies:<\/p>\n<ul>\n<li>Prec de Nadal (de Salvador Espriu)<\/li>\n<li>Els n\u00favols de Nadal (de Joan Maragall)<\/li>\n<\/ul>\n<p>Tot interpretat des de la intimitat. Us en deixem una petita mostra&#8230;<\/p>\n<p><iframe loading=\"lazy\" title=\"Prec de Nadal\" width=\"500\" height=\"281\" src=\"https:\/\/www.youtube.com\/embed\/R12etU1hxI4?feature=oembed\" frameborder=\"0\" allow=\"accelerometer; autoplay; clipboard-write; encrypted-media; gyroscope; picture-in-picture; web-share\" referrerpolicy=\"strict-origin-when-cross-origin\" allowfullscreen><\/iframe><\/p>\n","protected":false},"excerpt":{"rendered":"<p>Una de les miniatures \u00edntimes que faran el Joan Solans i el Joan R Morreres, ser\u00e0 un rac\u00f3 literari on s&#8217;interpretaran dues poesies:<\/p>\n<ul>\n<li>Prec de Nadal (de Salvador Espriu)<\/li>\n<li>Els n\u00favols de Nadal (de Joan Maragall)<\/li>\n<\/ul>\n<p>Tot interpretat des de la intimitat. Us en deixem una petita mostra&#8230;<\/p>\n","protected":false},"author":5,"featured_media":29096,"comment_status":"open","ping_status":"closed","sticky":false,"template":"","format":"standard","meta":{"_bbp_topic_count":0,"_bbp_reply_count":0,"_bbp_total_topic_count":0,"_bbp_total_reply_count":0,"_bbp_voice_count":0,"_bbp_anonymous_reply_count":0,"_bbp_topic_count_hidden":0,"_bbp_reply_count_hidden":0,"_bbp_forum_subforum_count":0,"footnotes":""},"categories":[15,321,320,4,5],"tags":[374,371],"class_list":["post-29095","post","type-post","status-publish","format-standard","has-post-thumbnail","hentry","category-6e","category-festes","category-musica","category-portada","category-primaria","tag-dramatitzacio","tag-festa-de-nadal"],"post_mailing_queue_ids":[],"_links":{"self":[{"href":"https:\/\/agora.xtec.cat\/ceip-santjordi-lleida\/wp-json\/wp\/v2\/posts\/29095","targetHints":{"allow":["GET"]}}],"collection":[{"href":"https:\/\/agora.xtec.cat\/ceip-santjordi-lleida\/wp-json\/wp\/v2\/posts"}],"about":[{"href":"https:\/\/agora.xtec.cat\/ceip-santjordi-lleida\/wp-json\/wp\/v2\/types\/post"}],"author":[{"embeddable":true,"href":"https:\/\/agora.xtec.cat\/ceip-santjordi-lleida\/wp-json\/wp\/v2\/users\/5"}],"replies":[{"embeddable":true,"href":"https:\/\/agora.xtec.cat\/ceip-santjordi-lleida\/wp-json\/wp\/v2\/comments?post=29095"}],"version-history":[{"count":1,"href":"https:\/\/agora.xtec.cat\/ceip-santjordi-lleida\/wp-json\/wp\/v2\/posts\/29095\/revisions"}],"predecessor-version":[{"id":29097,"href":"https:\/\/agora.xtec.cat\/ceip-santjordi-lleida\/wp-json\/wp\/v2\/posts\/29095\/revisions\/29097"}],"wp:featuredmedia":[{"embeddable":true,"href":"https:\/\/agora.xtec.cat\/ceip-santjordi-lleida\/wp-json\/wp\/v2\/media\/29096"}],"wp:attachment":[{"href":"https:\/\/agora.xtec.cat\/ceip-santjordi-lleida\/wp-json\/wp\/v2\/media?parent=29095"}],"wp:term":[{"taxonomy":"category","embeddable":true,"href":"https:\/\/agora.xtec.cat\/ceip-santjordi-lleida\/wp-json\/wp\/v2\/categories?post=29095"},{"taxonomy":"post_tag","embeddable":true,"href":"https:\/\/agora.xtec.cat\/ceip-santjordi-lleida\/wp-json\/wp\/v2\/tags?post=29095"}],"curies":[{"name":"wp","href":"https:\/\/api.w.org\/{rel}","templated":true}]}}