{"id":29089,"date":"2020-12-20T19:38:22","date_gmt":"2020-12-20T18:38:22","guid":{"rendered":"http:\/\/agora.xtec.cat\/ceip-santjordi-lleida\/?p=29089"},"modified":"2020-12-20T19:38:22","modified_gmt":"2020-12-20T18:38:22","slug":"assaig-general-de-lescena-aquest-nadal","status":"publish","type":"post","link":"https:\/\/agora.xtec.cat\/ceip-santjordi-lleida\/portada\/assaig-general-de-lescena-aquest-nadal\/","title":{"rendered":"ASSAIG GENERAL DE L&#8217;ESCENA: Aquest Nadal"},"content":{"rendered":"<p>Una de les miniatures \u00edntimes que faran els nens i nenes de CI, concretament el Mart\u00ed, el Xavi, el Jan Pa, l&#8217;Emai i l&#8217;Adri\u00e0 ser\u00e0 aquesta miniatura titulada com el nom del poema que interpretar\u00e0 la S\u00edlvia &#8220;Aquest Nadal&#8221;, de Narc\u00eds Comadira.<\/p>\n<p><iframe loading=\"lazy\" title=\"Assaig general: aquest nadal\" width=\"500\" height=\"281\" src=\"https:\/\/www.youtube.com\/embed\/Z_kyzxn3M7Q?feature=oembed\" frameborder=\"0\" allow=\"accelerometer; autoplay; clipboard-write; encrypted-media; gyroscope; picture-in-picture; web-share\" referrerpolicy=\"strict-origin-when-cross-origin\" allowfullscreen><\/iframe><\/p>\n","protected":false},"excerpt":{"rendered":"<p>Una de les miniatures \u00edntimes que faran els nens i nenes de CI, concretament el Mart\u00ed, el Xavi, el Jan Pa, l&#8217;Emai i l&#8217;Adri\u00e0 ser\u00e0 aquesta miniatura titulada com el nom del poema que interpretar\u00e0 la S\u00edlvia &#8220;Aquest Nadal&#8221;, de Narc\u00eds Comadira.<\/p>\n","protected":false},"author":5,"featured_media":29090,"comment_status":"open","ping_status":"closed","sticky":false,"template":"","format":"standard","meta":{"_bbp_topic_count":0,"_bbp_reply_count":0,"_bbp_total_topic_count":0,"_bbp_total_reply_count":0,"_bbp_voice_count":0,"_bbp_anonymous_reply_count":0,"_bbp_topic_count_hidden":0,"_bbp_reply_count_hidden":0,"_bbp_forum_subforum_count":0,"footnotes":""},"categories":[10,11,321,320,4,5],"tags":[374,371],"class_list":["post-29089","post","type-post","status-publish","format-standard","has-post-thumbnail","hentry","category-1r","category-2n","category-festes","category-musica","category-portada","category-primaria","tag-dramatitzacio","tag-festa-de-nadal"],"post_mailing_queue_ids":[],"_links":{"self":[{"href":"https:\/\/agora.xtec.cat\/ceip-santjordi-lleida\/wp-json\/wp\/v2\/posts\/29089","targetHints":{"allow":["GET"]}}],"collection":[{"href":"https:\/\/agora.xtec.cat\/ceip-santjordi-lleida\/wp-json\/wp\/v2\/posts"}],"about":[{"href":"https:\/\/agora.xtec.cat\/ceip-santjordi-lleida\/wp-json\/wp\/v2\/types\/post"}],"author":[{"embeddable":true,"href":"https:\/\/agora.xtec.cat\/ceip-santjordi-lleida\/wp-json\/wp\/v2\/users\/5"}],"replies":[{"embeddable":true,"href":"https:\/\/agora.xtec.cat\/ceip-santjordi-lleida\/wp-json\/wp\/v2\/comments?post=29089"}],"version-history":[{"count":1,"href":"https:\/\/agora.xtec.cat\/ceip-santjordi-lleida\/wp-json\/wp\/v2\/posts\/29089\/revisions"}],"predecessor-version":[{"id":29091,"href":"https:\/\/agora.xtec.cat\/ceip-santjordi-lleida\/wp-json\/wp\/v2\/posts\/29089\/revisions\/29091"}],"wp:featuredmedia":[{"embeddable":true,"href":"https:\/\/agora.xtec.cat\/ceip-santjordi-lleida\/wp-json\/wp\/v2\/media\/29090"}],"wp:attachment":[{"href":"https:\/\/agora.xtec.cat\/ceip-santjordi-lleida\/wp-json\/wp\/v2\/media?parent=29089"}],"wp:term":[{"taxonomy":"category","embeddable":true,"href":"https:\/\/agora.xtec.cat\/ceip-santjordi-lleida\/wp-json\/wp\/v2\/categories?post=29089"},{"taxonomy":"post_tag","embeddable":true,"href":"https:\/\/agora.xtec.cat\/ceip-santjordi-lleida\/wp-json\/wp\/v2\/tags?post=29089"}],"curies":[{"name":"wp","href":"https:\/\/api.w.org\/{rel}","templated":true}]}}