{"id":29086,"date":"2020-12-20T19:36:10","date_gmt":"2020-12-20T18:36:10","guid":{"rendered":"http:\/\/agora.xtec.cat\/ceip-santjordi-lleida\/?p=29086"},"modified":"2020-12-20T19:36:10","modified_gmt":"2020-12-20T18:36:10","slug":"assaig-de-lescena-potser-nadal","status":"publish","type":"post","link":"https:\/\/agora.xtec.cat\/ceip-santjordi-lleida\/portada\/assaig-de-lescena-potser-nadal\/","title":{"rendered":"ASSAIG DE L&#8217;ESCENA: Potser Nadal"},"content":{"rendered":"<p>Una de les miniatures \u00edntimes que faran els nens i nenes de CI, concretament l&#8217;Eloi, la Chloe, la Dafne, La Paulai la Bruna ser\u00e0 aquesta miniatura titulada com el nom del poema que interpretar\u00e0 la Merc\u00e8 Ll &#8220;Potser Nadal&#8221;, de Miquel Mart\u00ed i Pol.<\/p>\n<p><iframe loading=\"lazy\" title=\"Assaig general: potser nadal\" width=\"500\" height=\"281\" src=\"https:\/\/www.youtube.com\/embed\/9jFrAAaxSU4?feature=oembed\" frameborder=\"0\" allow=\"accelerometer; autoplay; clipboard-write; encrypted-media; gyroscope; picture-in-picture; web-share\" referrerpolicy=\"strict-origin-when-cross-origin\" allowfullscreen><\/iframe><\/p>\n","protected":false},"excerpt":{"rendered":"<p>Una de les miniatures \u00edntimes que faran els nens i nenes de CI, concretament l&#8217;Eloi, la Chloe, la Dafne, La Paulai la Bruna ser\u00e0 aquesta miniatura titulada com el nom del poema que interpretar\u00e0 la Merc\u00e8 Ll &#8220;Potser Nadal&#8221;, de Miquel Mart\u00ed i Pol.<\/p>\n","protected":false},"author":5,"featured_media":29087,"comment_status":"open","ping_status":"closed","sticky":false,"template":"","format":"standard","meta":{"_bbp_topic_count":0,"_bbp_reply_count":0,"_bbp_total_topic_count":0,"_bbp_total_reply_count":0,"_bbp_voice_count":0,"_bbp_anonymous_reply_count":0,"_bbp_topic_count_hidden":0,"_bbp_reply_count_hidden":0,"_bbp_forum_subforum_count":0,"footnotes":""},"categories":[10,11,321,320,4,5],"tags":[374,371],"class_list":["post-29086","post","type-post","status-publish","format-standard","has-post-thumbnail","hentry","category-1r","category-2n","category-festes","category-musica","category-portada","category-primaria","tag-dramatitzacio","tag-festa-de-nadal"],"post_mailing_queue_ids":[],"_links":{"self":[{"href":"https:\/\/agora.xtec.cat\/ceip-santjordi-lleida\/wp-json\/wp\/v2\/posts\/29086","targetHints":{"allow":["GET"]}}],"collection":[{"href":"https:\/\/agora.xtec.cat\/ceip-santjordi-lleida\/wp-json\/wp\/v2\/posts"}],"about":[{"href":"https:\/\/agora.xtec.cat\/ceip-santjordi-lleida\/wp-json\/wp\/v2\/types\/post"}],"author":[{"embeddable":true,"href":"https:\/\/agora.xtec.cat\/ceip-santjordi-lleida\/wp-json\/wp\/v2\/users\/5"}],"replies":[{"embeddable":true,"href":"https:\/\/agora.xtec.cat\/ceip-santjordi-lleida\/wp-json\/wp\/v2\/comments?post=29086"}],"version-history":[{"count":1,"href":"https:\/\/agora.xtec.cat\/ceip-santjordi-lleida\/wp-json\/wp\/v2\/posts\/29086\/revisions"}],"predecessor-version":[{"id":29088,"href":"https:\/\/agora.xtec.cat\/ceip-santjordi-lleida\/wp-json\/wp\/v2\/posts\/29086\/revisions\/29088"}],"wp:featuredmedia":[{"embeddable":true,"href":"https:\/\/agora.xtec.cat\/ceip-santjordi-lleida\/wp-json\/wp\/v2\/media\/29087"}],"wp:attachment":[{"href":"https:\/\/agora.xtec.cat\/ceip-santjordi-lleida\/wp-json\/wp\/v2\/media?parent=29086"}],"wp:term":[{"taxonomy":"category","embeddable":true,"href":"https:\/\/agora.xtec.cat\/ceip-santjordi-lleida\/wp-json\/wp\/v2\/categories?post=29086"},{"taxonomy":"post_tag","embeddable":true,"href":"https:\/\/agora.xtec.cat\/ceip-santjordi-lleida\/wp-json\/wp\/v2\/tags?post=29086"}],"curies":[{"name":"wp","href":"https:\/\/api.w.org\/{rel}","templated":true}]}}