{"id":29080,"date":"2020-12-20T19:24:44","date_gmt":"2020-12-20T18:24:44","guid":{"rendered":"http:\/\/agora.xtec.cat\/ceip-santjordi-lleida\/?p=29080"},"modified":"2020-12-20T19:24:44","modified_gmt":"2020-12-20T18:24:44","slug":"assaig-general-de-lescena-la-filadora","status":"publish","type":"post","link":"https:\/\/agora.xtec.cat\/ceip-santjordi-lleida\/portada\/assaig-general-de-lescena-la-filadora\/","title":{"rendered":"ASSAIG GENERAL DE L&#8217;ESCENA: La Filadora"},"content":{"rendered":"<p>Una de les miniatures \u00edntimes que faran els nens i nenes de CS, concretament el Roger R, el Dani P, el Pol P, la Queralt T. i la Laia P, ser\u00e0 aquesta miniatura titulada com el nom de la can\u00e7\u00f3 que interpreten \u201cLa filadora\u201d, can\u00e7\u00f3 popular catalana nadalenca.<\/p>\n<p>&nbsp;<\/p>\n<p><iframe loading=\"lazy\" title=\"Assaig general: filadora\" width=\"500\" height=\"281\" src=\"https:\/\/www.youtube.com\/embed\/BUroDO-W7jI?feature=oembed\" frameborder=\"0\" allow=\"accelerometer; autoplay; clipboard-write; encrypted-media; gyroscope; picture-in-picture; web-share\" referrerpolicy=\"strict-origin-when-cross-origin\" allowfullscreen><\/iframe><\/p>\n","protected":false},"excerpt":{"rendered":"<p>Una de les miniatures \u00edntimes que faran els nens i nenes de CS, concretament el Roger R, el Dani P, el Pol P, la Queralt T. i la Laia P, ser\u00e0 aquesta miniatura titulada com el nom de la can\u00e7\u00f3 que interpreten \u201cLa filadora\u201d, can\u00e7\u00f3&hellip;  <a href=\"https:\/\/agora.xtec.cat\/ceip-santjordi-lleida\/portada\/assaig-general-de-lescena-la-filadora\/\" title=\"Read ASSAIG GENERAL DE L&#8217;ESCENA: La Filadora\">Llegeix m\u00e9s\u00bb<\/a><\/p>\n","protected":false},"author":5,"featured_media":29081,"comment_status":"open","ping_status":"closed","sticky":false,"template":"","format":"standard","meta":{"_bbp_topic_count":0,"_bbp_reply_count":0,"_bbp_total_topic_count":0,"_bbp_total_reply_count":0,"_bbp_voice_count":0,"_bbp_anonymous_reply_count":0,"_bbp_topic_count_hidden":0,"_bbp_reply_count_hidden":0,"_bbp_forum_subforum_count":0,"footnotes":""},"categories":[14,15,321,320,4,5],"tags":[348,371],"class_list":["post-29080","post","type-post","status-publish","format-standard","has-post-thumbnail","hentry","category-5e","category-6e","category-festes","category-musica","category-portada","category-primaria","tag-canco","tag-festa-de-nadal"],"post_mailing_queue_ids":[],"_links":{"self":[{"href":"https:\/\/agora.xtec.cat\/ceip-santjordi-lleida\/wp-json\/wp\/v2\/posts\/29080","targetHints":{"allow":["GET"]}}],"collection":[{"href":"https:\/\/agora.xtec.cat\/ceip-santjordi-lleida\/wp-json\/wp\/v2\/posts"}],"about":[{"href":"https:\/\/agora.xtec.cat\/ceip-santjordi-lleida\/wp-json\/wp\/v2\/types\/post"}],"author":[{"embeddable":true,"href":"https:\/\/agora.xtec.cat\/ceip-santjordi-lleida\/wp-json\/wp\/v2\/users\/5"}],"replies":[{"embeddable":true,"href":"https:\/\/agora.xtec.cat\/ceip-santjordi-lleida\/wp-json\/wp\/v2\/comments?post=29080"}],"version-history":[{"count":1,"href":"https:\/\/agora.xtec.cat\/ceip-santjordi-lleida\/wp-json\/wp\/v2\/posts\/29080\/revisions"}],"predecessor-version":[{"id":29082,"href":"https:\/\/agora.xtec.cat\/ceip-santjordi-lleida\/wp-json\/wp\/v2\/posts\/29080\/revisions\/29082"}],"wp:featuredmedia":[{"embeddable":true,"href":"https:\/\/agora.xtec.cat\/ceip-santjordi-lleida\/wp-json\/wp\/v2\/media\/29081"}],"wp:attachment":[{"href":"https:\/\/agora.xtec.cat\/ceip-santjordi-lleida\/wp-json\/wp\/v2\/media?parent=29080"}],"wp:term":[{"taxonomy":"category","embeddable":true,"href":"https:\/\/agora.xtec.cat\/ceip-santjordi-lleida\/wp-json\/wp\/v2\/categories?post=29080"},{"taxonomy":"post_tag","embeddable":true,"href":"https:\/\/agora.xtec.cat\/ceip-santjordi-lleida\/wp-json\/wp\/v2\/tags?post=29080"}],"curies":[{"name":"wp","href":"https:\/\/api.w.org\/{rel}","templated":true}]}}