{"id":29074,"date":"2020-12-20T19:00:26","date_gmt":"2020-12-20T18:00:26","guid":{"rendered":"http:\/\/agora.xtec.cat\/ceip-santjordi-lleida\/?p=29074"},"modified":"2020-12-20T19:00:26","modified_gmt":"2020-12-20T18:00:26","slug":"cs-creem-i-assagem-per-nadal","status":"publish","type":"post","link":"https:\/\/agora.xtec.cat\/ceip-santjordi-lleida\/portada\/cs-creem-i-assagem-per-nadal\/","title":{"rendered":"CS: CREEM I ASSAGEM PER NADAL"},"content":{"rendered":"<p>Aquest curs escolar est\u00e0 sent un curs ben diferent. Per\u00f2 des de l&#8217;escola no ens volem quedar sense la m\u00e0gia del nostre Nadal i la il\u00b7lusi\u00f3 que els infants desprenen quan s&#8217;est\u00e0 preparant aquesta festa a la nostra escola.<\/p>\n<p>Enguany l&#8217;escola s&#8217;omplir\u00e0 de 20 racons\/espais que hem anomenat &#8220;Miniatures \u00edntimes&#8221; on actuaran nom\u00e9s els nens i nenes que han volgut actuar volunt\u00e0riament. En aquests 20 espais s&#8217;aniran repetint les escenes, i la resta de nens i nens que no han volgut actuar podran gaudir de l&#8217;espectacle. Segurament no podrem veure tots els espais (ja que nom\u00e9s estarem actuant 1,30h) per\u00f2 els uns donaran i els altres rebran. Res m\u00e9s bonic en aquestes festes Nadalenques.<\/p>\n<p>Tot i que els actors i actrius s\u00f3n voluntaris, a l&#8217;estona de m\u00fasica i des de les aules de tot el cicle, hem estat treballant amb tothom all\u00f2 que s&#8217;hi far\u00e0 en els espais.<\/p>\n<p>Per tant aquest article nom\u00e9s pret\u00e9n ser un recull del proc\u00e9s creatiu que uns pocs oferiran aquest dilluns 21 de desembre i uns altres podran rebre&#8217;l com a p\u00fablic, per\u00f2 un proc\u00e9s col\u00b7lectiu de tot el cicle.<\/p>\n<p>El Cicle inicial participar\u00e0 en set miniatures \u00edntimes:<\/p>\n<ul>\n<li>Haikus aeris<\/li>\n<li>La filadora<\/li>\n<li>Deixa&#8217;m les teves mans<\/li>\n<li>La pres\u00f3<\/li>\n<li>Prec de Nadal<\/li>\n<li>Regalem il\u00b7lusi\u00f3<\/li>\n<li>Improvisaci\u00f3 corporal<\/li>\n<\/ul>\n<p>Per\u00f2 durant els assajos i el proc\u00e9s creatiu hem fet aix\u00f2:<\/p>\n<p>CS TARONJA:<\/p>\n<p><iframe loading=\"lazy\" title=\"Prova impro corporal cs taronja 01\" width=\"500\" height=\"281\" src=\"https:\/\/www.youtube.com\/embed\/wsNdIt0Jvr4?feature=oembed\" frameborder=\"0\" allow=\"accelerometer; autoplay; clipboard-write; encrypted-media; gyroscope; picture-in-picture; web-share\" referrerpolicy=\"strict-origin-when-cross-origin\" allowfullscreen><\/iframe><\/p>\n<p><iframe loading=\"lazy\" title=\"Prova impro corporal cs taronja 02\" width=\"500\" height=\"281\" src=\"https:\/\/www.youtube.com\/embed\/QACZAfnnhzs?feature=oembed\" frameborder=\"0\" allow=\"accelerometer; autoplay; clipboard-write; encrypted-media; gyroscope; picture-in-picture; web-share\" referrerpolicy=\"strict-origin-when-cross-origin\" allowfullscreen><\/iframe><\/p>\n<p><iframe loading=\"lazy\" title=\"Prova impro corporal cs taronja 03\" width=\"500\" height=\"281\" src=\"https:\/\/www.youtube.com\/embed\/X4xrgHEnwL4?feature=oembed\" frameborder=\"0\" allow=\"accelerometer; autoplay; clipboard-write; encrypted-media; gyroscope; picture-in-picture; web-share\" referrerpolicy=\"strict-origin-when-cross-origin\" allowfullscreen><\/iframe><\/p>\n<p><iframe loading=\"lazy\" title=\"Cs taronja tardes de bolonha prova\" width=\"500\" height=\"281\" src=\"https:\/\/www.youtube.com\/embed\/Dsi7hsHu5kg?feature=oembed\" frameborder=\"0\" allow=\"accelerometer; autoplay; clipboard-write; encrypted-media; gyroscope; picture-in-picture; web-share\" referrerpolicy=\"strict-origin-when-cross-origin\" allowfullscreen><\/iframe><\/p>\n<p>https:\/\/www.youtube.com\/watch?v=uPiq0VlDiaY<\/p>\n<p>&nbsp;<\/p>\n<p>CS: VERD:<\/p>\n<p><iframe loading=\"lazy\" title=\"Prova impro amb movimenr cs verd 01\" width=\"500\" height=\"281\" src=\"https:\/\/www.youtube.com\/embed\/Jljx0sKtMU8?feature=oembed\" frameborder=\"0\" allow=\"accelerometer; autoplay; clipboard-write; encrypted-media; gyroscope; picture-in-picture; web-share\" referrerpolicy=\"strict-origin-when-cross-origin\" allowfullscreen><\/iframe><\/p>\n<p><iframe loading=\"lazy\" title=\"Prova impro amb movimenr cs verd 02\" width=\"500\" height=\"281\" src=\"https:\/\/www.youtube.com\/embed\/K8fTMdTO5XM?feature=oembed\" frameborder=\"0\" allow=\"accelerometer; autoplay; clipboard-write; encrypted-media; gyroscope; picture-in-picture; web-share\" referrerpolicy=\"strict-origin-when-cross-origin\" allowfullscreen><\/iframe><\/p>\n<p><iframe loading=\"lazy\" title=\"Prova impro amb movimenr cs verd 03\" width=\"500\" height=\"281\" src=\"https:\/\/www.youtube.com\/embed\/rxDy_5i62q8?feature=oembed\" frameborder=\"0\" allow=\"accelerometer; autoplay; clipboard-write; encrypted-media; gyroscope; picture-in-picture; web-share\" referrerpolicy=\"strict-origin-when-cross-origin\" allowfullscreen><\/iframe><\/p>\n<p><iframe loading=\"lazy\" title=\"Cs verd tardes de bolonha prova 01\" width=\"500\" height=\"281\" src=\"https:\/\/www.youtube.com\/embed\/zO4tIFcG6X4?feature=oembed\" frameborder=\"0\" allow=\"accelerometer; autoplay; clipboard-write; encrypted-media; gyroscope; picture-in-picture; web-share\" referrerpolicy=\"strict-origin-when-cross-origin\" allowfullscreen><\/iframe><\/p>\n<p><iframe loading=\"lazy\" title=\"Cs verd tardes de bolonha prova 02\" width=\"500\" height=\"281\" src=\"https:\/\/www.youtube.com\/embed\/MTH-3E8YE3Y?feature=oembed\" frameborder=\"0\" allow=\"accelerometer; autoplay; clipboard-write; encrypted-media; gyroscope; picture-in-picture; web-share\" referrerpolicy=\"strict-origin-when-cross-origin\" allowfullscreen><\/iframe><\/p>\n<p>CS LILA:<\/p>\n<p><iframe loading=\"lazy\" title=\"Prova impro amb movimenr cs lila 01\" width=\"500\" height=\"281\" src=\"https:\/\/www.youtube.com\/embed\/tOJeRmDMj14?feature=oembed\" frameborder=\"0\" allow=\"accelerometer; autoplay; clipboard-write; encrypted-media; gyroscope; picture-in-picture; web-share\" referrerpolicy=\"strict-origin-when-cross-origin\" allowfullscreen><\/iframe><\/p>\n<p><iframe loading=\"lazy\" title=\"Prova impro amb movimenr cs lila 02\" width=\"500\" height=\"281\" src=\"https:\/\/www.youtube.com\/embed\/4AL8AX_lLGs?feature=oembed\" frameborder=\"0\" allow=\"accelerometer; autoplay; clipboard-write; encrypted-media; gyroscope; picture-in-picture; web-share\" referrerpolicy=\"strict-origin-when-cross-origin\" allowfullscreen><\/iframe><\/p>\n<p><iframe loading=\"lazy\" title=\"Prova impro amb movimenr cs lila 03\" width=\"500\" height=\"281\" src=\"https:\/\/www.youtube.com\/embed\/1ol2mExVW58?feature=oembed\" frameborder=\"0\" allow=\"accelerometer; autoplay; clipboard-write; encrypted-media; gyroscope; picture-in-picture; web-share\" referrerpolicy=\"strict-origin-when-cross-origin\" allowfullscreen><\/iframe><\/p>\n<p><iframe loading=\"lazy\" title=\"Prova cs lila deixa\u2019m les teves mans\" width=\"500\" height=\"281\" src=\"https:\/\/www.youtube.com\/embed\/IRcuyWHxTUQ?feature=oembed\" frameborder=\"0\" allow=\"accelerometer; autoplay; clipboard-write; encrypted-media; gyroscope; picture-in-picture; web-share\" referrerpolicy=\"strict-origin-when-cross-origin\" allowfullscreen><\/iframe><\/p>\n<p><iframe loading=\"lazy\" title=\"Cs lila deixa\u2019m les teves mans prova definitiva\" width=\"500\" height=\"281\" src=\"https:\/\/www.youtube.com\/embed\/kLJu91lQ5Eo?feature=oembed\" frameborder=\"0\" allow=\"accelerometer; autoplay; clipboard-write; encrypted-media; gyroscope; picture-in-picture; web-share\" referrerpolicy=\"strict-origin-when-cross-origin\" allowfullscreen><\/iframe><\/p>\n<p><iframe loading=\"lazy\" title=\"Cs lila tardes de bolonha prova 01\" width=\"500\" height=\"281\" src=\"https:\/\/www.youtube.com\/embed\/ytKFpkmNjjw?feature=oembed\" frameborder=\"0\" allow=\"accelerometer; autoplay; clipboard-write; encrypted-media; gyroscope; picture-in-picture; web-share\" referrerpolicy=\"strict-origin-when-cross-origin\" allowfullscreen><\/iframe><\/p>\n<p>&nbsp;<\/p>\n","protected":false},"excerpt":{"rendered":"<p>Aquest curs escolar est\u00e0 sent un curs ben diferent. Per\u00f2 des de l&#8217;escola no ens volem quedar sense la m\u00e0gia del nostre Nadal i la il\u00b7lusi\u00f3 que els infants desprenen quan s&#8217;est\u00e0 preparant aquesta festa a la nostra escola.<br \/>\nEnguany l&#8217;escola s&#8217;omplir\u00e0 de 20 racons\/espais que&hellip;  <a href=\"https:\/\/agora.xtec.cat\/ceip-santjordi-lleida\/portada\/cs-creem-i-assagem-per-nadal\/\" title=\"Read CS: CREEM I ASSAGEM PER NADAL\">Llegeix m\u00e9s\u00bb<\/a><\/p>\n","protected":false},"author":5,"featured_media":29075,"comment_status":"open","ping_status":"closed","sticky":false,"template":"","format":"standard","meta":{"_bbp_topic_count":0,"_bbp_reply_count":0,"_bbp_total_topic_count":0,"_bbp_total_reply_count":0,"_bbp_voice_count":0,"_bbp_anonymous_reply_count":0,"_bbp_topic_count_hidden":0,"_bbp_reply_count_hidden":0,"_bbp_forum_subforum_count":0,"footnotes":""},"categories":[14,15,320,4,5],"tags":[348,438,374,371,357],"class_list":["post-29074","post","type-post","status-publish","format-standard","has-post-thumbnail","hentry","category-5e","category-6e","category-musica","category-portada","category-primaria","tag-canco","tag-creacions","tag-dramatitzacio","tag-festa-de-nadal","tag-moviment"],"post_mailing_queue_ids":[],"_links":{"self":[{"href":"https:\/\/agora.xtec.cat\/ceip-santjordi-lleida\/wp-json\/wp\/v2\/posts\/29074","targetHints":{"allow":["GET"]}}],"collection":[{"href":"https:\/\/agora.xtec.cat\/ceip-santjordi-lleida\/wp-json\/wp\/v2\/posts"}],"about":[{"href":"https:\/\/agora.xtec.cat\/ceip-santjordi-lleida\/wp-json\/wp\/v2\/types\/post"}],"author":[{"embeddable":true,"href":"https:\/\/agora.xtec.cat\/ceip-santjordi-lleida\/wp-json\/wp\/v2\/users\/5"}],"replies":[{"embeddable":true,"href":"https:\/\/agora.xtec.cat\/ceip-santjordi-lleida\/wp-json\/wp\/v2\/comments?post=29074"}],"version-history":[{"count":1,"href":"https:\/\/agora.xtec.cat\/ceip-santjordi-lleida\/wp-json\/wp\/v2\/posts\/29074\/revisions"}],"predecessor-version":[{"id":29076,"href":"https:\/\/agora.xtec.cat\/ceip-santjordi-lleida\/wp-json\/wp\/v2\/posts\/29074\/revisions\/29076"}],"wp:featuredmedia":[{"embeddable":true,"href":"https:\/\/agora.xtec.cat\/ceip-santjordi-lleida\/wp-json\/wp\/v2\/media\/29075"}],"wp:attachment":[{"href":"https:\/\/agora.xtec.cat\/ceip-santjordi-lleida\/wp-json\/wp\/v2\/media?parent=29074"}],"wp:term":[{"taxonomy":"category","embeddable":true,"href":"https:\/\/agora.xtec.cat\/ceip-santjordi-lleida\/wp-json\/wp\/v2\/categories?post=29074"},{"taxonomy":"post_tag","embeddable":true,"href":"https:\/\/agora.xtec.cat\/ceip-santjordi-lleida\/wp-json\/wp\/v2\/tags?post=29074"}],"curies":[{"name":"wp","href":"https:\/\/api.w.org\/{rel}","templated":true}]}}